{"id":23189,"date":"2017-01-16T15:29:16","date_gmt":"2017-01-16T15:29:16","guid":{"rendered":"http:\/\/www.lanuevaopcion.cl\/?p=23189"},"modified":"2017-01-16T15:29:16","modified_gmt":"2017-01-16T15:29:16","slug":"guillier-alcanza-a-pinera-en-empate-tecnico-en-encuesta-cadem","status":"publish","type":"post","link":"http:\/\/www.lanuevaopcion.cl\/?p=23189","title":{"rendered":"Guillier alcanza a Pi\u00f1era en empate t\u00e9cnico en encuesta Cadem"},"content":{"rendered":"<p><img loading=\"lazy\" decoding=\"async\"  alt=\"\" src=\"http:\/\/www.lanacion.cl\/noticias\/site\/artic\/20170116\/imag\/foto_0000000520170116103119.jpg\" class=\"alignleft\" width=\"380\" height=\"180\" \/ class=\"alignleft\" style=\"margin-right:15px;margin-bottom:10px;float:left;\" >Alejandro Guillier alcanz\u00f3 en un empate t\u00e9cnico al ex Presidente Sebasti\u00e1n Pi\u00f1era en una nueva entrega de la encuesta Cadem en el \u00edtem \u201cpor qui\u00e9n votar\u00eda si las pr\u00f3ximas elecciones fueran este fin de semana\u201d.<\/p>\n<p>Seg\u00fan el sondeo publicado este lunes, Pi\u00f1era alcanza el 23% de las preferencias, mientras que el periodista el 22%, subiendo 4 puntos respecto a la medici\u00f3n anterior.<br \/>\n<!--more--><br \/>\nRicardo Lagos aparece en el tercer lugar de la carrera con el 3%. Le siguen Manuel Jos\u00e9 Ossand\u00f3n (2%); Marco Enr\u00edquez-Ominami (1%) ; Franco Parisi (1%) y Leonardo Farkas (1%).<\/p>\n<p>Pese a la igualdad t\u00e9cnica, Pi\u00f1era logr\u00f3 una importante ventaja en la pregunta \u201cqui\u00e9n cree que ser\u00e1 el pr\u00f3ximo Presidente de Chile\u201d.<\/p>\n<p>El ex jefe de Estado lleg\u00f3 a un 40%. Segundo aparece Guillier con el 28%; tercero Lagos con 4% y Ossand\u00f3n con 1%.<\/p>\n<p>Revise la encuesta completa<br \/>\nhttp:\/\/www.lanacion.cl\/noticias\/pais\/politica\/guillier-alcanza-a-pinera-en-empate-tecnico-en-encuesta-cadem\/2017-01-16\/103119.html<br \/>\nFUENTE. LA NACION.CL<\/p>\n","protected":false},"excerpt":{"rendered":"<p>Alejandro Guillier alcanz\u00f3 en un empate t\u00e9cnico al ex Presidente Sebasti\u00e1n Pi\u00f1era en una nueva entrega de la encuesta Cadem en el \u00edtem \u201cpor qui\u00e9n votar\u00eda si las pr\u00f3ximas elecciones fueran este fin de semana\u201d. Seg\u00fan el sondeo publicado este lunes, Pi\u00f1era alcanza el 23% de las preferencias, mientras que el periodista el 22%, subiendo [&hellip;]<\/p>\n","protected":false},"author":51,"featured_media":0,"comment_status":"open","ping_status":"open","sticky":false,"template":"","format":"standard","meta":{"footnotes":""},"categories":[1],"tags":[93,1628],"class_list":["post-23189","post","type-post","status-publish","format-standard","hentry","category-uncategorized","tag-pais","tag-uncategorized"],"_links":{"self":[{"href":"http:\/\/www.lanuevaopcion.cl\/index.php?rest_route=\/wp\/v2\/posts\/23189","targetHints":{"allow":["GET"]}}],"collection":[{"href":"http:\/\/www.lanuevaopcion.cl\/index.php?rest_route=\/wp\/v2\/posts"}],"about":[{"href":"http:\/\/www.lanuevaopcion.cl\/index.php?rest_route=\/wp\/v2\/types\/post"}],"author":[{"embeddable":true,"href":"http:\/\/www.lanuevaopcion.cl\/index.php?rest_route=\/wp\/v2\/users\/51"}],"replies":[{"embeddable":true,"href":"http:\/\/www.lanuevaopcion.cl\/index.php?rest_route=%2Fwp%2Fv2%2Fcomments&post=23189"}],"version-history":[{"count":1,"href":"http:\/\/www.lanuevaopcion.cl\/index.php?rest_route=\/wp\/v2\/posts\/23189\/revisions"}],"predecessor-version":[{"id":23190,"href":"http:\/\/www.lanuevaopcion.cl\/index.php?rest_route=\/wp\/v2\/posts\/23189\/revisions\/23190"}],"wp:attachment":[{"href":"http:\/\/www.lanuevaopcion.cl\/index.php?rest_route=%2Fwp%2Fv2%2Fmedia&parent=23189"}],"wp:term":[{"taxonomy":"category","embeddable":true,"href":"http:\/\/www.lanuevaopcion.cl\/index.php?rest_route=%2Fwp%2Fv2%2Fcategories&post=23189"},{"taxonomy":"post_tag","embeddable":true,"href":"http:\/\/www.lanuevaopcion.cl\/index.php?rest_route=%2Fwp%2Fv2%2Ftags&post=23189"}],"curies":[{"name":"wp","href":"https:\/\/api.w.org\/{rel}","templated":true}]}}