{"id":23187,"date":"2017-01-15T16:02:23","date_gmt":"2017-01-15T16:02:23","guid":{"rendered":"http:\/\/www.lanuevaopcion.cl\/?p=23187"},"modified":"2017-01-15T16:02:23","modified_gmt":"2017-01-15T16:02:23","slug":"ppd-proclama-a-ricardo-lagos-como-candidato-acepto-con-humildad","status":"publish","type":"post","link":"http:\/\/www.lanuevaopcion.cl\/?p=23187","title":{"rendered":"PPD proclama a Ricardo Lagos como candidato: Acepto con humildad"},"content":{"rendered":"<p><img loading=\"lazy\" decoding=\"async\"  alt=\"\" src=\"http:\/\/www.lanacion.cl\/noticias\/site\/artic\/20170114\/imag\/foto_0000000520170114133558.jpg\" class=\"alignleft\" width=\"380\" height=\"180\" \/ class=\"alignleft\" style=\"margin-right:15px;margin-bottom:10px;float:left;\" >En medio de apoyo y v\u00edtores en el Consejo Nacional, el PPD proclam\u00f3 este s\u00e1bado a Ricardo Lagos como candidato presidencial, quien deber\u00e1 competir en las pr\u00f3ximas elecciones primarias de la Nueva Mayor\u00eda.<br \/>\n<!--more--><br \/>\nEn la cita, que comenz\u00f3 pasadas las 10:00 horas de este s\u00e1bado, los cerca de 400 consejeros inscritos votaron a trav\u00e9s de las urnas secretas para definir al candidato, entre Lagos o el diputado Jorge Tarud. El ex Presidente fue elegido con el 92.6% de los votos.<\/p>\n<p>Tras ser proclamado candidato, en el Consejo Nacional se exhibi\u00f3 un video con distintas personalidades pol\u00edticas y sociales como Eugenio Tuma o Felipe Harboe elogiando a la figura del ex Presidente. <\/p>\n<p>Gonzalo Navarrete, presidente del PPD, afirm\u00f3 que \u00abentendemos que la pol\u00edtica es como la vida, se cumplen etapas donde se cierran algunas y se abren otras. Como partido nos hemos preparado para desaf\u00edos nuevos, tenemos que tener una visi\u00f3n de pa\u00eds\u00bb.<\/p>\n<p>\u00abVamos a trabajar duramente para usted, nada se hace sin trabajo, no hay futuro sin trabajo. Compa\u00f1ero Lagos, bienvenido, usted encabezar\u00e1 esta tarea\u00bb, a\u00f1adi\u00f3.<\/p>\n<p>Ricardo Lagos: Acepto con humildad<\/p>\n<p>En sus primeras palabras como candidato oficial, Lagos asever\u00f3 que \u00abacepto esta nominaci\u00f3n con humildad y tambi\u00e9n con la responsabilidad que ello implica. Entiendo que esto no es un reconcomiendo a una persona, es a un compromiso program\u00e1tico\u00bb.<\/p>\n<p>\u00abHemos tenido el privilegio de servir a Chile y hoy m\u00e1s que nunca el pa\u00eds y fuerzas progresistas tienen que impulsar las transformaciones para seguir haciendo futuro\u00bb, a\u00f1adi\u00f3.<\/p>\n<p>Prosigui\u00f3 manifestando que \u00abesta candidatura es una invitaci\u00f3n a encontrarnos con los valores que nos unen y desde ah\u00ed generar juntos los cambios que se requieren\u00bb.<\/p>\n<p>En ese sentido hizo un llamado a los partidos de la Nueva Mayor\u00eda a \u00abplantear una propuesta de marco program\u00e1tico para el futuro gobierno\u00bb.<br \/>\nhttp:\/\/www.lanacion.cl\/noticias\/pais\/politica\/ppd-proclama-a-ricardo-lagos-como-candidato-acepto-con-humildad\/2017-01-14\/133558.html<br \/>\nFUENTE. LA NACION.CL<\/p>\n","protected":false},"excerpt":{"rendered":"<p>En medio de apoyo y v\u00edtores en el Consejo Nacional, el PPD proclam\u00f3 este s\u00e1bado a Ricardo Lagos como candidato presidencial, quien deber\u00e1 competir en las pr\u00f3ximas elecciones primarias de la Nueva Mayor\u00eda.<\/p>\n","protected":false},"author":51,"featured_media":0,"comment_status":"open","ping_status":"open","sticky":false,"template":"","format":"standard","meta":{"footnotes":""},"categories":[1],"tags":[93,1628],"class_list":["post-23187","post","type-post","status-publish","format-standard","hentry","category-uncategorized","tag-pais","tag-uncategorized"],"_links":{"self":[{"href":"http:\/\/www.lanuevaopcion.cl\/index.php?rest_route=\/wp\/v2\/posts\/23187","targetHints":{"allow":["GET"]}}],"collection":[{"href":"http:\/\/www.lanuevaopcion.cl\/index.php?rest_route=\/wp\/v2\/posts"}],"about":[{"href":"http:\/\/www.lanuevaopcion.cl\/index.php?rest_route=\/wp\/v2\/types\/post"}],"author":[{"embeddable":true,"href":"http:\/\/www.lanuevaopcion.cl\/index.php?rest_route=\/wp\/v2\/users\/51"}],"replies":[{"embeddable":true,"href":"http:\/\/www.lanuevaopcion.cl\/index.php?rest_route=%2Fwp%2Fv2%2Fcomments&post=23187"}],"version-history":[{"count":1,"href":"http:\/\/www.lanuevaopcion.cl\/index.php?rest_route=\/wp\/v2\/posts\/23187\/revisions"}],"predecessor-version":[{"id":23188,"href":"http:\/\/www.lanuevaopcion.cl\/index.php?rest_route=\/wp\/v2\/posts\/23187\/revisions\/23188"}],"wp:attachment":[{"href":"http:\/\/www.lanuevaopcion.cl\/index.php?rest_route=%2Fwp%2Fv2%2Fmedia&parent=23187"}],"wp:term":[{"taxonomy":"category","embeddable":true,"href":"http:\/\/www.lanuevaopcion.cl\/index.php?rest_route=%2Fwp%2Fv2%2Fcategories&post=23187"},{"taxonomy":"post_tag","embeddable":true,"href":"http:\/\/www.lanuevaopcion.cl\/index.php?rest_route=%2Fwp%2Fv2%2Ftags&post=23187"}],"curies":[{"name":"wp","href":"https:\/\/api.w.org\/{rel}","templated":true}]}}