{"id":23185,"date":"2017-01-14T14:59:40","date_gmt":"2017-01-14T14:59:40","guid":{"rendered":"http:\/\/www.lanuevaopcion.cl\/?p=23185"},"modified":"2017-01-14T14:59:40","modified_gmt":"2017-01-14T14:59:40","slug":"insulza-seria-un-%e2%80%9cerror%e2%80%9d-proclamar-candidato-en-comite-central-del-ps","status":"publish","type":"post","link":"http:\/\/www.lanuevaopcion.cl\/?p=23185","title":{"rendered":"Insulza: Ser\u00eda un \u201cerror\u201d proclamar candidato en comit\u00e9 central del PS"},"content":{"rendered":"<p><img loading=\"lazy\" decoding=\"async\"  alt=\"\" src=\"http:\/\/www.lanacion.cl\/noticias\/site\/artic\/20170114\/imag\/foto_0000000520170114111631.jpg\" class=\"alignleft\" width=\"380\" height=\"180\" \/ class=\"alignleft\" style=\"margin-right:15px;margin-bottom:10px;float:left;\" >El precandidato presidencial y ex agente de Chile ante La Haya, Jos\u00e9 Miguel Insulza, indic\u00f3 que ser\u00eda un \u201cerror\u201d del Partido Socialista elegir a su candidato por La Moneda \u201ca puertas cerradas\u201d en el pr\u00f3ximo comit\u00e9 central, que se realizar\u00e1 el 21 de enero.<br \/>\n<!--more--><br \/>\n\u201cSer\u00eda un error, ser\u00eda dar la imagen de que las cosas se siguen negociando entre cuatro paredes y que los partidos siguen haciendo las cosas que les parecen, sin escuchar a su militancia\u00bb, indic\u00f3 a El Mercurio. <\/p>\n<p>En ese sentido, manifest\u00f3 que es fundamental realizar elecciones internas, y asegur\u00f3 que \u201che recorrido el pa\u00eds entero y los militantes quieren votar\u00bb. <\/p>\n<p>El precandidato presidencial se mostr\u00f3 confiado en que podr\u00eda ganar unas elecciones internas del Partido Socialista, ya que siente que tiene el apoyo de los militantes. <\/p>\n<p>\u00abSi uno cuenta con la gente, cuenta con sus amigos, con su gente y llegamos a la conclusi\u00f3n de que tengo una buena posibilidad de ganar. Si no fuera por eso no estar\u00edan tan preocupados de no tener elecciones\u00bb, se\u00f1al\u00f3. <\/p>\n<p>Respecto de la posici\u00f3n del senador y candidato presidencial del PR, Alejandro Guillier, quien indic\u00f3 esta semana estar dispuesto a medirse en una competencia interna del PS, Insulza enfatiz\u00f3 en que \u00absi quiere ser medido en la interna socialista soy partidario de que lo sea. Soy partidario de medir a Guillier, a Lagos, a Insulza, a Atria y a todo el que quiera\u00bb. <\/p>\n<p>\u00abSi quiero ser Presidente, tengo que ganarle a cualquiera que se ponga en la lista, entonces, \u00bfqu\u00e9 sentido tiene esquivar las elecciones? Si Alejandro Guillier quiere meterse en la lista, que se meta\u00bb, a\u00f1adi\u00f3. <\/p>\n<p>El ex ministro tambi\u00e9n coment\u00f3 la posibilidad de que el PS llegue a marzo sin un candidato propio, y dijo que \u00ablos dem\u00e1s partidos de la Nueva Mayor\u00eda necesitan esa definici\u00f3n presidencial para poder inscribirse porque han juntado muy pocas firmas, el Partido Socialista tiene casi todas sus firmas reunidas ya\u201d. <\/p>\n<p>\u201cAs\u00ed es que como PS no vamos a irnos porque sean las debilidades de otros partidos las que condicionen al partido m\u00e1s numeroso del pa\u00eds\u201d, puntualiz\u00f3.<br \/>\nhttp:\/\/www.lanacion.cl\/noticias\/pais\/politica\/insulza-seria-un-error-proclamar-candidato-en-comite-central-del\/2017-01-14\/111631.html<br \/>\nFUENTE. LA NACION.CL<\/p>\n","protected":false},"excerpt":{"rendered":"<p>El precandidato presidencial y ex agente de Chile ante La Haya, Jos\u00e9 Miguel Insulza, indic\u00f3 que ser\u00eda un \u201cerror\u201d del Partido Socialista elegir a su candidato por La Moneda \u201ca puertas cerradas\u201d en el pr\u00f3ximo comit\u00e9 central, que se realizar\u00e1 el 21 de enero.<\/p>\n","protected":false},"author":51,"featured_media":0,"comment_status":"open","ping_status":"open","sticky":false,"template":"","format":"standard","meta":{"footnotes":""},"categories":[1],"tags":[93,1628],"class_list":["post-23185","post","type-post","status-publish","format-standard","hentry","category-uncategorized","tag-pais","tag-uncategorized"],"_links":{"self":[{"href":"http:\/\/www.lanuevaopcion.cl\/index.php?rest_route=\/wp\/v2\/posts\/23185","targetHints":{"allow":["GET"]}}],"collection":[{"href":"http:\/\/www.lanuevaopcion.cl\/index.php?rest_route=\/wp\/v2\/posts"}],"about":[{"href":"http:\/\/www.lanuevaopcion.cl\/index.php?rest_route=\/wp\/v2\/types\/post"}],"author":[{"embeddable":true,"href":"http:\/\/www.lanuevaopcion.cl\/index.php?rest_route=\/wp\/v2\/users\/51"}],"replies":[{"embeddable":true,"href":"http:\/\/www.lanuevaopcion.cl\/index.php?rest_route=%2Fwp%2Fv2%2Fcomments&post=23185"}],"version-history":[{"count":1,"href":"http:\/\/www.lanuevaopcion.cl\/index.php?rest_route=\/wp\/v2\/posts\/23185\/revisions"}],"predecessor-version":[{"id":23186,"href":"http:\/\/www.lanuevaopcion.cl\/index.php?rest_route=\/wp\/v2\/posts\/23185\/revisions\/23186"}],"wp:attachment":[{"href":"http:\/\/www.lanuevaopcion.cl\/index.php?rest_route=%2Fwp%2Fv2%2Fmedia&parent=23185"}],"wp:term":[{"taxonomy":"category","embeddable":true,"href":"http:\/\/www.lanuevaopcion.cl\/index.php?rest_route=%2Fwp%2Fv2%2Fcategories&post=23185"},{"taxonomy":"post_tag","embeddable":true,"href":"http:\/\/www.lanuevaopcion.cl\/index.php?rest_route=%2Fwp%2Fv2%2Ftags&post=23185"}],"curies":[{"name":"wp","href":"https:\/\/api.w.org\/{rel}","templated":true}]}}