{"id":23182,"date":"2017-01-13T11:48:07","date_gmt":"2017-01-13T11:48:07","guid":{"rendered":"http:\/\/www.lanuevaopcion.cl\/?p=23182"},"modified":"2017-01-13T11:48:25","modified_gmt":"2017-01-13T11:48:25","slug":"%c2%a1diario-la-nacion-cumple-100-anos-informando-al-pais","status":"publish","type":"post","link":"http:\/\/www.lanuevaopcion.cl\/?p=23182","title":{"rendered":"\u00a1Diario La Naci\u00f3n cumple 100 a\u00f1os informando al pa\u00eds!"},"content":{"rendered":"<p><img loading=\"lazy\" decoding=\"async\"  alt=\"\" src=\"http:\/\/www.lanacion.cl\/noticias\/site\/artic\/20170112\/imag\/foto_0000000520170112161332.png\" class=\"alignleft\" width=\"380\" height=\"180\" \/ class=\"alignleft\" style=\"margin-right:15px;margin-bottom:10px;float:left;\" >Este s\u00e1bado el Diario La Naci\u00f3n cumple su primer centenario continuando su evoluci\u00f3n como un medio informativo relevante en el sistema de los medios de comunicaci\u00f3n nacionales.<br \/>\n<!--more--><br \/>\nFue un 14 de enero de 1917 cuando Eliodoro Y\u00e1\u00f1ez fund\u00f3 este medio que se posicion\u00f3 como un diario de avanzada intelectual y social, y cuya trayectoria en este centenario ha coincidido mano a mano con la del pa\u00eds y la sociedad chilena.<\/p>\n<p>Seg\u00fan su fundador, el medio deb\u00eda dar atenci\u00f3n preferente a los problemas sociales que afectan a la parte de la poblaci\u00f3n que representa la actividad del trabajo y del progreso econ\u00f3mico del pa\u00eds.<\/p>\n<p>Tras el cierre de su versi\u00f3n papel, en diciembre de 2010, el diario se ha expresado \u00edntegramente desde www.lanacion.cl con una amplia e interactiva oferta noticiosa, con toda la contingencia deportiva en Triunfo y la informaci\u00f3n minuto a minuto que caracteriza a un diario que -m\u00e1s all\u00e1 de los cambios- contin\u00faa fiel a un p\u00fablico libreprensador, republicano, pluralista y con sentido de comunidad.<\/p>\n<p>Desde 2014 la propiedad de Diario La Naci\u00f3n pas\u00f3 a Comunicaciones Lanet S.A., empresa de comunicaciones cuyo representante legal es Luis Novoa Miranda y con quien sigue la continuidad de un medio libre y pluralista.<br \/>\nhttp:\/\/www.lanacion.cl\/noticias\/pais\/nacional\/diario-la-nacion-cumple-100-anos-informando-al-pais\/2017-01-12\/161332.html<br \/>\nFUENTE. LA NACION.CL<\/p>\n","protected":false},"excerpt":{"rendered":"<p>Este s\u00e1bado el Diario La Naci\u00f3n cumple su primer centenario continuando su evoluci\u00f3n como un medio informativo relevante en el sistema de los medios de comunicaci\u00f3n nacionales.<\/p>\n","protected":false},"author":51,"featured_media":0,"comment_status":"open","ping_status":"open","sticky":false,"template":"","format":"standard","meta":{"footnotes":""},"categories":[1],"tags":[1635,93],"class_list":["post-23182","post","type-post","status-publish","format-standard","hentry","category-uncategorized","tag-nacional","tag-pais"],"_links":{"self":[{"href":"http:\/\/www.lanuevaopcion.cl\/index.php?rest_route=\/wp\/v2\/posts\/23182","targetHints":{"allow":["GET"]}}],"collection":[{"href":"http:\/\/www.lanuevaopcion.cl\/index.php?rest_route=\/wp\/v2\/posts"}],"about":[{"href":"http:\/\/www.lanuevaopcion.cl\/index.php?rest_route=\/wp\/v2\/types\/post"}],"author":[{"embeddable":true,"href":"http:\/\/www.lanuevaopcion.cl\/index.php?rest_route=\/wp\/v2\/users\/51"}],"replies":[{"embeddable":true,"href":"http:\/\/www.lanuevaopcion.cl\/index.php?rest_route=%2Fwp%2Fv2%2Fcomments&post=23182"}],"version-history":[{"count":2,"href":"http:\/\/www.lanuevaopcion.cl\/index.php?rest_route=\/wp\/v2\/posts\/23182\/revisions"}],"predecessor-version":[{"id":23184,"href":"http:\/\/www.lanuevaopcion.cl\/index.php?rest_route=\/wp\/v2\/posts\/23182\/revisions\/23184"}],"wp:attachment":[{"href":"http:\/\/www.lanuevaopcion.cl\/index.php?rest_route=%2Fwp%2Fv2%2Fmedia&parent=23182"}],"wp:term":[{"taxonomy":"category","embeddable":true,"href":"http:\/\/www.lanuevaopcion.cl\/index.php?rest_route=%2Fwp%2Fv2%2Fcategories&post=23182"},{"taxonomy":"post_tag","embeddable":true,"href":"http:\/\/www.lanuevaopcion.cl\/index.php?rest_route=%2Fwp%2Fv2%2Ftags&post=23182"}],"curies":[{"name":"wp","href":"https:\/\/api.w.org\/{rel}","templated":true}]}}