{"id":23178,"date":"2017-01-10T13:50:16","date_gmt":"2017-01-10T13:50:16","guid":{"rendered":"http:\/\/www.lanuevaopcion.cl\/?p=23178"},"modified":"2017-01-10T13:50:16","modified_gmt":"2017-01-10T13:50:16","slug":"secretaria-general-de-rd-antes-de-dar-un-nombre-hay-que-construir-un-programa","status":"publish","type":"post","link":"http:\/\/www.lanuevaopcion.cl\/?p=23178","title":{"rendered":"Secretaria general de RD: Antes de dar un nombre, hay que construir un programa"},"content":{"rendered":"<p><img loading=\"lazy\" decoding=\"async\"  alt=\"\" src=\"http:\/\/www.lanacion.cl\/noticias\/site\/artic\/20170109\/imag\/foto_0000000720170109164657.jpg\" class=\"alignleft\" width=\"380\" height=\"180\" \/ class=\"alignleft\" style=\"margin-right:15px;margin-bottom:10px;float:left;\" >Los datos de la \u00faltima encuesta CEP fueron recibidos con mucha alegr\u00eda al interior de Revoluci\u00f3n Democr\u00e1tica (RD) y del Movimiento Autonomista, los principales referentes del nuevo Frente Amplio. Esto gracias a la evaluaci\u00f3n positiva que la ciudadan\u00eda hace de los diputados Giorgio Jackson y Gabriel Boric.<br \/>\n<!--more--><br \/>\nSin duda, signific\u00f3 un gran espaldarazo, pero la secretaria general de RD, Marcela Sandoval, se\u00f1ala que no deben \u201cmarearse\u201d con esos resultados.<\/p>\n<p>\u201cEstamos s\u00faper conscientes de que es una buena se\u00f1al, pero que tambi\u00e9n que esto requiere de perseverancia y hay que seguir trabajando. Tampoco podemos hacerlo solos\u201d, remarca.<\/p>\n<p>Es por eso que desde el a\u00f1o pasado, previo a las elecciones municipales, iniciaron una serie de reuniones y conversaciones con distintos actores y movimientos sociales para conformar un conglomerado, llamado Frente Amplio, con miras a las parlamentarias y presidencial de este a\u00f1o.<\/p>\n<p>\u201cCon algunas fuerzas hemos venido trabajando desde el a\u00f1o pasado, fuerzas con los que nos une los temas de movimiento social, estudiantil y de mujeres, como por ejemplo el Movimiento Autonomista, Izquierda Libertaria, Nueva Democracia y tambi\u00e9n el Partido Humanista y Convergencia de Izquierdas. Ahora hemos generado un polo de conversaci\u00f3n con un marco mucho m\u00e1s amplio, que incluye al Partido Liberal, Poder, Igualdad e Izquierda Aut\u00f3noma. Nos estamos preparando para tener, m\u00e1s que un hito de lanzamiento, una gran jornada de trabajo para empezar a construir un dise\u00f1o program\u00e1tico y participativo, pensando en el 2017. Esto ser\u00eda probablemente el 21 de enero, aunque es una fecha tentativa\u201d, detalla.<\/p>\n<p>EJES DEL FRENTE AMPLIO: TRANSPARENCIA, POL\u00cdTICA SOCIAL Y NUEVA CONSTITUCI\u00d3N<\/p>\n<p>La periodista titulada de la Universidad de Santiago confirma que el Frente Amplio ir\u00e1 a la pelea en las elecciones presidenciales para ser una alternativa al llamado duopolio pol\u00edtico (Nueva Mayor\u00eda y Chile Vamos). Pero, aclara, que \u201clo que hemos visto es que, antes de poner nombres en la mesa, hay que construir un proceso y un programa, porque si queremos hacer realmente las cosas de manera distinta y ser una alternativa para el pa\u00eds, no podemos caer s\u00f3lo en nombres. Queremos ser coherentes con eso, aunque nos demoremos un poco m\u00e1s\u201d.<\/p>\n<p>Sin embargo, afirma que de todas formas \u201csabemos que el tiempo apremia y debemos poner un poco el acelerador en eso\u201d.<\/p>\n<p>&#8211; Es decir, que van a ir con un candidato propio en noviembre.<\/p>\n<p>&#8211; Es una alternativa que hemos estado evaluando. Han aparecido algunos nombres, porque tienen que ver con los liderazgos propios de cada referente que compone este grupo, pero tambi\u00e9n puede ser un liderazgo que venga de afuera, pero que encarne el programa. Por eso no es el nombre lo importante, sino m\u00e1s bien alguien que pueda encabezar un programa que ya est\u00e9 en construcci\u00f3n. Todo lo vamos hacer muy transparente y de manera participativa.<\/p>\n<p>&#8211; \u00bfCu\u00e1les ser\u00e1n los ejes de este programa?<\/p>\n<p>&#8211; Hay un tema que es clave y transversal a todas las fuerzas, que es marcar el sello de una pol\u00edtica m\u00e1s transparente y alejada de los conflictos de inter\u00e9s, fundamentalmente lo que tiene que ver con el financiamiento irregular de la pol\u00edtica. Lo otro se relaciona con una construcci\u00f3n m\u00e1s social, que no sea una pol\u00edtica tan vertical, sino que venga desde las bases\u2026 Esto tambi\u00e9n tiene que congregar a una ciudadan\u00eda no militante que tenga una participaci\u00f3n social, incluso aquellos que no tienen participaci\u00f3n en ninguna organizaci\u00f3n, pero que se sientan part\u00edcipes. Otro de los ejes tiene que ver en c\u00f3mo damos con una clave para canalizar el descontento ciudadano, no s\u00f3lo en el tema de la educaci\u00f3n, sino que tambi\u00e9n en las pensiones, en los derechos de las mujeres, los derechos de la diversidad, los conflictos socioambientales, el tema de la salud y de c\u00f3mo enfrentamos una planificaci\u00f3n territorial en las ciudades. Evidentemente en los temas m\u00e1s pa\u00eds, est\u00e1n una nueva Constituci\u00f3n, nuevas reglas para que Chile enfrente el juego de la democracia de una manera mucho m\u00e1s respetuosa, diversa y con reglas m\u00e1s modernas, porque nuestra Constituci\u00f3n no est\u00e1 a la altura de los desaf\u00edos que la propia ciudadan\u00eda ha planteado.<\/p>\n<p>&#8211; Pero, seg\u00fan la encuesta CEP, el tema de la nueva Constituci\u00f3n no es prioridad para la ciudadan\u00eda y s\u00ed, por ejemplo, la lucha contra la delincuencia.<\/p>\n<p>&#8211; El tema de la seguridad ciudadana siempre se ha visto como un tema de la derecha o como de gobiernos m\u00e1s conservadores, porque seguridad ciudadana es igual a medidas que tienen que ver con m\u00e1s polic\u00edas o m\u00e1s implementaci\u00f3n de dispositivos que permitan tener m\u00e1s resguardo o m\u00e1s control. Pero el desaf\u00edo ah\u00ed es c\u00f3mo, desde la izquierda y sectores m\u00e1s progresistas, enfrentamos el tema desde una l\u00f3gica de derecho, sin una l\u00f3gica de intervenci\u00f3n, de miedo o mayor despliegue policial. Para eso es muy importante el tema de la educaci\u00f3n en derechos humanos.<\/p>\n<p>\u00abA su vez, creo que el tema del debate constitucional es mucho m\u00e1s \u00e1rido, m\u00e1s alejado de la ciudadan\u00eda, porque se ha planteado de esa forma. Ah\u00ed puede haber un error, incluso, de c\u00f3mo se ha planteado a nivel de Gobierno, de c\u00f3mo se hicieron las consultas ciudadanas y todo el proceso de debate constitucional, donde los ciudadanos enfrentados a una problem\u00e1tica que les pueda afectar directamente, como la salud, las pensiones o la delincuencia, evidentemente ven mucho m\u00e1s alejado un tema que se plantea de manera \u00e1rida. Ah\u00ed la clave es plantearlo de manera cercana, porque el principal marco regulatorio del pa\u00eds es la Constituci\u00f3n y esta debe ser algo que le hable justamente a la gente de los problemas que le afectan. Es decir, sobre los derechos en salud, en seguridad social y sobre los derechos de distintos grupos que viven desigualdades.<\/p>\n<p>\u201cCUANDO HAY CAUDILLOS, NO HAY PROYECTOS COLECTIVOS DETR\u00c1S Y ESTE NO ES EL CASO\u201d<\/p>\n<p>&#8211; \u00bfC\u00f3mo tomaron la declaraci\u00f3n publicada que hizo la semana pasada el Partido Liberal que dec\u00eda que no le incomodaba y no le seduc\u00eda ser parte un frente de izquierda?<\/p>\n<p>&#8211; Creo que la prensa ha contribuido harto en reducirnos a un apellido, como un Frente Amplio de Izquierda, lo que es una contradicci\u00f3n, porque al ser un frente amplio no necesariamente va a incluir s\u00f3lo a actores que piensen o adhieren a una misma ideolog\u00eda. Ah\u00ed los m\u00e1rgenes, y lo hemos discutido en estas conversaciones donde han estado los liberales, ha estado en la convergencia program\u00e1tica, en la convergencia de ideas, en la visi\u00f3n de pa\u00eds. Obviamente no vamos a congregar a ning\u00fan referente de derecha, pero s\u00ed a referentes que piensen el pa\u00eds de manera progresista. En este caso, los liberales y la misma postura que ha tenido el diputado Vlado Mirosevic en el Congreso ha sido de alguna manera un actor s\u00faper clave en algunas agendas que nos permite avanzar como pa\u00eds, con una sociedad mucho m\u00e1s inclusiva e igualitaria. Hemos sido enf\u00e1ticos en decir que en esta construcci\u00f3n de Frente Amplio tampoco se nos encasille, solo como fuerzas pol\u00edticas. El desaf\u00edo es, y ya lo estamos haciendo, empezar a conversar con actores sociales.<\/p>\n<p>&#8211; \u00bfY qu\u00e9 pasa con el partido Pa\u00eds del senador Alejandro Navarro?<\/p>\n<p>&#8211; Hemos tenido conversaciones preliminares, como ha salido en la prensa, con varios de estos actores, pero no podemos aventurar el futuro. Es lo que existe en este minuto, estamos iniciando estas conversaciones, queremos enfrentarlo de manera unitaria, pero todo esto va a estar dado por la convergencia program\u00e1tica y tambi\u00e9n por un marco de acci\u00f3n.<\/p>\n<p>&#8211; Hay quienes critican que este Frente Amplio s\u00f3lo se basa en el liderazgo de actores como Jackson, Boric y Jorge Sharp, los que han sido calificados de caudillos.<\/p>\n<p>&#8211; Discrepo de eso. Creo que son figuras s\u00faper importantes, evidentemente el conocimiento medi\u00e1tico que tienen por la exposici\u00f3n p\u00fablica y la evaluaci\u00f3n que tienen ante la ciudadan\u00eda es indiscutible, pero justamente en el minuto en que Revoluci\u00f3n Democr\u00e1tica decidi\u00f3 constituirse en partido y no seguir solo como un movimiento, tambi\u00e9n dio un paso en construir un proyecto colectivo. Evidentemente Giorgio es el liderazgo m\u00e1s conocido, pero tambi\u00e9n hay otros y estamos trabajando justamente para que eso sea mucho m\u00e1s visible. Lo mismo en las otras fuerzas. Cuando hay figuras que son caudillos, no hay proyectos colectivos detr\u00e1s y este no es el caso.<br \/>\nhttp:\/\/www.lanacion.cl\/noticias\/reportajes\/entrevista\/secretaria-general-de-rd-antes-de-dar-un-nombre-hay-que-construir-un\/2017-01-09\/164657.html<br \/>\nFUENTE. LA NACION.CL<\/p>\n","protected":false},"excerpt":{"rendered":"<p>Los datos de la \u00faltima encuesta CEP fueron recibidos con mucha alegr\u00eda al interior de Revoluci\u00f3n Democr\u00e1tica (RD) y del Movimiento Autonomista, los principales referentes del nuevo Frente Amplio. Esto gracias a la evaluaci\u00f3n positiva que la ciudadan\u00eda hace de los diputados Giorgio Jackson y Gabriel Boric.<\/p>\n","protected":false},"author":51,"featured_media":0,"comment_status":"open","ping_status":"open","sticky":false,"template":"","format":"standard","meta":{"footnotes":""},"categories":[1],"tags":[201,200],"class_list":["post-23178","post","type-post","status-publish","format-standard","hentry","category-uncategorized","tag-entrevista","tag-reportajes"],"_links":{"self":[{"href":"http:\/\/www.lanuevaopcion.cl\/index.php?rest_route=\/wp\/v2\/posts\/23178","targetHints":{"allow":["GET"]}}],"collection":[{"href":"http:\/\/www.lanuevaopcion.cl\/index.php?rest_route=\/wp\/v2\/posts"}],"about":[{"href":"http:\/\/www.lanuevaopcion.cl\/index.php?rest_route=\/wp\/v2\/types\/post"}],"author":[{"embeddable":true,"href":"http:\/\/www.lanuevaopcion.cl\/index.php?rest_route=\/wp\/v2\/users\/51"}],"replies":[{"embeddable":true,"href":"http:\/\/www.lanuevaopcion.cl\/index.php?rest_route=%2Fwp%2Fv2%2Fcomments&post=23178"}],"version-history":[{"count":1,"href":"http:\/\/www.lanuevaopcion.cl\/index.php?rest_route=\/wp\/v2\/posts\/23178\/revisions"}],"predecessor-version":[{"id":23179,"href":"http:\/\/www.lanuevaopcion.cl\/index.php?rest_route=\/wp\/v2\/posts\/23178\/revisions\/23179"}],"wp:attachment":[{"href":"http:\/\/www.lanuevaopcion.cl\/index.php?rest_route=%2Fwp%2Fv2%2Fmedia&parent=23178"}],"wp:term":[{"taxonomy":"category","embeddable":true,"href":"http:\/\/www.lanuevaopcion.cl\/index.php?rest_route=%2Fwp%2Fv2%2Fcategories&post=23178"},{"taxonomy":"post_tag","embeddable":true,"href":"http:\/\/www.lanuevaopcion.cl\/index.php?rest_route=%2Fwp%2Fv2%2Ftags&post=23178"}],"curies":[{"name":"wp","href":"https:\/\/api.w.org\/{rel}","templated":true}]}}