{"id":23157,"date":"2016-12-31T15:37:15","date_gmt":"2016-12-31T15:37:15","guid":{"rendered":"http:\/\/www.lanuevaopcion.cl\/?p=23157"},"modified":"2016-12-31T15:37:15","modified_gmt":"2016-12-31T15:37:15","slug":"bachelet-descarta-seguir-en-la-politica-chilena-cuando-deje-la-presidencia","status":"publish","type":"post","link":"http:\/\/www.lanuevaopcion.cl\/?p=23157","title":{"rendered":"Bachelet descarta seguir en la pol\u00edtica chilena cuando deje la presidencia"},"content":{"rendered":"<p><img loading=\"lazy\" decoding=\"async\"  alt=\"\" src=\"http:\/\/www.lanacion.cl\/noticias\/site\/artic\/20161231\/imag\/foto_0000000520161231112723.jpg\" class=\"alignleft\" width=\"380\" height=\"180\" \/ class=\"alignleft\" style=\"margin-right:15px;margin-bottom:10px;float:left;\" >La Presidenta Michelle Bachelet afirm\u00f3 que est\u00e1 \u00ababsoluta y totalmente descartado\u00bb continuar en la pol\u00edtica una vez que deje el poder en marzo de 2018.<\/p>\n<p>\u00abYa es suficiente\u00bb, dijo Bachelet en una entrevista con La Tercera.<\/p>\n<p>\u00abLa verdad es que no me he dedicado a pensar en nada. Obviamente, est\u00e1 absoluta y totalmente descartado continuar en la pol\u00edtica chilena, desde el punto de vista de cargos de representaci\u00f3n\u00bb, agreg\u00f3 la Mandataria.<br \/>\n<!--more--><br \/>\nM\u00e9dico pediatra de profesi\u00f3n, ha vivido en carne propia las dos caras de la moneda en cuanto a popularidad. En marzo de 2010 dej\u00f3 su primer gobierno con la m\u00e1s alta aceptaci\u00f3n conseguida alguna vez por un presidente (83%), y durante su segundo mandato alcanz\u00f3 el nivel m\u00e1s bajo (15%) desde el retorno de Chile a la democracia, tras la dictadura de Augusto Pinochet.<\/p>\n<p>Un a\u00f1o despu\u00e9s de asumir su segundo mandato, en marzo de 2014, despu\u00e9s de ser electa por el 66% de los votos, Bachelet sufri\u00f3 un duro golpe luego que se conociera el millonario negocio inmobiliario que concretaron su hijo mayor, Sebasti\u00e1n D\u00e1valos, y su nuera Natalia Compagnon.<\/p>\n<p>Ambos son investigados por la justicia por \u00abtr\u00e1fico de influencia\u00bb y \u00abuso de informaci\u00f3n privilegiada\u00bb, ya que la venta se concret\u00f3 ante un anunciado cambio en el uso de suelos de los terrenos. La nuera de la Mandataria es investigada, adem\u00e1s, por estafa y delitos tributarios.<\/p>\n<p>Frente al tratamiento p\u00fablico de este caso, Bachelet acus\u00f3 cierto machismo.<\/p>\n<p>\u00abSi un presidente hombre est\u00e1 pasando por una situaci\u00f3n dif\u00edcil, nadie habla de debilidad, de falta de liderazgo\u00bb, como se hizo en su caso, se quej\u00f3 Bachelet.<br \/>\nhttp:\/\/www.lanacion.cl\/noticias\/pais\/politica\/bachelet-descarta-seguir-en-la-politica-chilena-cuando-deje-la-presidencia\/2016-12-31\/112723.html<br \/>\nFUENTE. LA NACION.CL<\/p>\n","protected":false},"excerpt":{"rendered":"<p>La Presidenta Michelle Bachelet afirm\u00f3 que est\u00e1 \u00ababsoluta y totalmente descartado\u00bb continuar en la pol\u00edtica una vez que deje el poder en marzo de 2018. \u00abYa es suficiente\u00bb, dijo Bachelet en una entrevista con La Tercera. \u00abLa verdad es que no me he dedicado a pensar en nada. Obviamente, est\u00e1 absoluta y totalmente descartado continuar [&hellip;]<\/p>\n","protected":false},"author":51,"featured_media":0,"comment_status":"open","ping_status":"open","sticky":false,"template":"","format":"standard","meta":{"footnotes":""},"categories":[1],"tags":[93,1628],"class_list":["post-23157","post","type-post","status-publish","format-standard","hentry","category-uncategorized","tag-pais","tag-uncategorized"],"_links":{"self":[{"href":"http:\/\/www.lanuevaopcion.cl\/index.php?rest_route=\/wp\/v2\/posts\/23157","targetHints":{"allow":["GET"]}}],"collection":[{"href":"http:\/\/www.lanuevaopcion.cl\/index.php?rest_route=\/wp\/v2\/posts"}],"about":[{"href":"http:\/\/www.lanuevaopcion.cl\/index.php?rest_route=\/wp\/v2\/types\/post"}],"author":[{"embeddable":true,"href":"http:\/\/www.lanuevaopcion.cl\/index.php?rest_route=\/wp\/v2\/users\/51"}],"replies":[{"embeddable":true,"href":"http:\/\/www.lanuevaopcion.cl\/index.php?rest_route=%2Fwp%2Fv2%2Fcomments&post=23157"}],"version-history":[{"count":1,"href":"http:\/\/www.lanuevaopcion.cl\/index.php?rest_route=\/wp\/v2\/posts\/23157\/revisions"}],"predecessor-version":[{"id":23158,"href":"http:\/\/www.lanuevaopcion.cl\/index.php?rest_route=\/wp\/v2\/posts\/23157\/revisions\/23158"}],"wp:attachment":[{"href":"http:\/\/www.lanuevaopcion.cl\/index.php?rest_route=%2Fwp%2Fv2%2Fmedia&parent=23157"}],"wp:term":[{"taxonomy":"category","embeddable":true,"href":"http:\/\/www.lanuevaopcion.cl\/index.php?rest_route=%2Fwp%2Fv2%2Fcategories&post=23157"},{"taxonomy":"post_tag","embeddable":true,"href":"http:\/\/www.lanuevaopcion.cl\/index.php?rest_route=%2Fwp%2Fv2%2Ftags&post=23157"}],"curies":[{"name":"wp","href":"https:\/\/api.w.org\/{rel}","templated":true}]}}