{"id":23155,"date":"2016-12-30T11:21:35","date_gmt":"2016-12-30T11:21:35","guid":{"rendered":"http:\/\/www.lanuevaopcion.cl\/?p=23155"},"modified":"2016-12-30T11:21:35","modified_gmt":"2016-12-30T11:21:35","slug":"resumen-nacional-2016-ano-de-movilizaciones-colusiones-y-crisis","status":"publish","type":"post","link":"http:\/\/www.lanuevaopcion.cl\/?p=23155","title":{"rendered":"Resumen nacional 2016: a\u00f1o de movilizaciones, colusiones y crisis"},"content":{"rendered":"<p><img loading=\"lazy\" decoding=\"async\"  alt=\"\" src=\"http:\/\/www.lanacion.cl\/noticias\/site\/artic\/20161229\/imag\/foto_0000001420161229115752.jpg\" class=\"alignleft\" width=\"380\" height=\"180\" \/ class=\"alignleft\" style=\"margin-right:15px;margin-bottom:10px;float:left;\" ><br \/>\nENERO<\/p>\n<p>Colusi\u00f3n de los pollos y fetidez en Santiago<\/p>\n<p>El pasado 6 de enero, la Fiscal\u00eda Nacional Econ\u00f3mica (FNE) denunci\u00f3 que las empresas Cencosud, due\u00f1a de los supermercados Jumbo y Santa Isabel; Walmart, de supermercados Lider, y SMU, de Unimarc, acordaron fijar los precios de la carne de pollo fresca, inici\u00e1ndose el caso conocido como la colusi\u00f3n de los pollos.<br \/>\n<!--more--><br \/>\nEl arquitecto chileno Alejandro Aravena recibi\u00f3 un importante galard\u00f3n el 13 de enero. Se trata del Premio Pritzker 2016, considerado el \u00abNobel de Arquitectura\u00bb, por su trabajo que \u00abconjuga h\u00e1bilmente la responsabilidad social, las necesidades econ\u00f3micas y el dise\u00f1o de h\u00e1bitats humanos\u00bb.<\/p>\n<p>Mientras que el d\u00eda 19, los santiaguinos amanecieron con una rara capa de humo f\u00e9tido que inund\u00f3 toda la capital. La causa fue el incendio del vertedero Santa Marta, de Talagante, siniestro que demor\u00f3 d\u00edas en ser controlado y extinguido. Las investigaciones posteriores confirmaron una serie de irregularidades que ten\u00eda dicho relleno sanitario.<\/p>\n<p>FEBRERO<\/p>\n<p>Emergencia en r\u00edo Blanco y el primer Oscar para Chile<\/p>\n<p>Una grave contaminaci\u00f3n sufri\u00f3 el r\u00edo Blanco de Los Andes el 25 de febrero, a causa de la rotura de una ca\u00f1er\u00eda de las faenas de Codelco Andina. M\u00e1s de 50 metros c\u00fabicos de concentrado de cobre fueron vertidos en el afluente. La situaci\u00f3n provoc\u00f3 protestas de grupos ambientalistas y un sumario a Codelco por parte de la Seremi de Salud.<\/p>\n<p>Una gran noticia para el cine chileno lleg\u00f3 el d\u00eda 28 desde Estados Unidos, cuando la Academia Cinematogr\u00e1fica de Hollywood le otorg\u00f3 el Oscar al cortometraje animado nacional \u201cHistoria de un oso\u201d, de Gabriel Osorio y Patricio Escala, el primer premio de esta categor\u00eda para nuestro pa\u00eds.<\/p>\n<p>MARZO<\/p>\n<p>Atacama en paro y el caso AC Inversions<\/p>\n<p>El 1 de marzo, los funcionarios p\u00fablicos de la regi\u00f3n de Atacama iniciaron un paro indefinido que duro casi dos meses, en protesta por el no pago de un bono que estipulaba el protocolo de acuerdo de 2014.<\/p>\n<p>Ese mismo d\u00eda (1), la Fiscal\u00eda de Alta Complejidad, encabezada por el fiscal Carlos Gajardo, dio a conocer la investigaci\u00f3n por un delito de estafa piramidal en contra de la firma AC Inversions y que afect\u00f3 a m\u00e1s de 5 mil personas.<\/p>\n<p>ABRIL<\/p>\n<p>La crisis del Sename, el desborde del Mapocho, el zika en Chile y Rivas vs. Luksic<\/p>\n<p>Impacto provoc\u00f3 el 11 de abril la noticia de la muerte de la ni\u00f1a Lisette Villa, de 11 a\u00f1os, al interior del Centro de Reparaci\u00f3n Especializada de Administraci\u00f3n Directa (Cread) Galvarino de Santiago, perteneciente al Servicio Nacional de Menores (Sename). Este caso fue la gota que rebas\u00f3 el vaso y desat\u00f3 la crisis del organismo, con la salida de dos directores nacionales en menos de 3 meses.<\/p>\n<p>El d\u00eda 17, el r\u00edo Mapocho se desbord\u00f3 inundando la avenida Andr\u00e9s Bello y las calles aleda\u00f1as, afectando a decenas de restaurantes y centros comerciales, incluyendo el Costanera Center. Aunque en un principio la causa fue la lluvia ca\u00edda en Santiago ese d\u00eda, posteriormente se culp\u00f3 a la empresa Costanera Norte por intervenir el r\u00edo debido a los trabajos en la rotonda P\u00e9rez Zujovic.<\/p>\n<p>El 18 de abril, el Ministerio de Salud confirm\u00f3 que en Arica se detect\u00f3 el mosquito que transmite el zika.<\/p>\n<p>Al d\u00eda siguiente (19) Chile recibi\u00f3 un fuerte golpe al conocerse la muerte del ex Presidente Patricio Aylwin, el primer Mandatario elegido democr\u00e1ticamente tras la dictadura de Augusto Pinochet. El ex Jefe de Estado falleci\u00f3 a los 97 a\u00f1os y su funeral fue multitudinario, con diversos homenajes.<\/p>\n<p>En el Congreso Nacional se vivi\u00f3 una pol\u00e9mica el d\u00eda 21 cuando el diputado independiente Gaspar Rivas calific\u00f3 de \u201chijo de puta\u201d al empresario Andr\u00f3nico Luksic, a quien culp\u00f3 de los da\u00f1os causados por las lluvias en el Caj\u00f3n del Maipo. El due\u00f1o de la empresa a cargo del proyecto Alto Maipo se querell\u00f3 contra el parlamentario por injurias graves, que finalmente fue declarado culpable y condenado el 28 de diciembre.<\/p>\n<p>MAYO<\/p>\n<p>La crisis de la marea roja, el brutal ataque a Nabila y la querella de la Presidenta<\/p>\n<p>El lunes 2 de mayo pescadores artesanales de Quell\u00f3n, Chilo\u00e9, cortaron la Ruta 5 Sur con barricadas para demandar ayuda por parte del Estado ante la crisis de la marea roja. Prontamente otras localidades chilotas y diversas ciudades, como Puerto Montt y Osorno, se unieron a las manifestaciones que duraron todo el mes.<\/p>\n<p>En Coyhaique, el d\u00eda 14, una mujer, identificada como Nabila Rifo, fue brutalmente atacada en la v\u00eda p\u00fablica por un sujeto que le arranc\u00f3 los ojos. La v\u00edctima sobrevivi\u00f3 al horrendo crimen y su ex pareja, Mauricio Ortega, fue detenida y formalizada como principal sospechoso del hecho.<\/p>\n<p>El caso Caval volvi\u00f3 a la palestra el 31 de mayo, luego que la Presidenta Michelle Bachelet se querellara contra la revista Qu\u00e9 Pasa por injurias, luego que la versi\u00f3n online de la publicaci\u00f3n diera a conocer presuntas escuchas telef\u00f3nicas que supuestamente la vinculaban con el caso.<\/p>\n<p>JUNIO<\/p>\n<p>La renuncia del ministro y caos en Providencia<\/p>\n<p>Un verdadero \u201cterremoto\u201d pol\u00edtico se produjo en La Moneda luego que Jorge Burgos decidiera renunciar a su cargo de ministro del Interior el 8 de junio, tras varios desencuentros con la Mandataria. Tras d\u00edas de su salida, Burgos no tard\u00f3 en criticar al Ejecutivo y manifest\u00f3 que la Nueva Mayor\u00eda ten\u00eda sus d\u00edas contados.<\/p>\n<p>El d\u00eda 9 nuevamente el agua provoc\u00f3 el caos en Providencia, La rotura de una matriz de Aguas Andinas en Avenida Providencia, a la altura de Seminario, transform\u00f3 a dicha arteria en un verdadero r\u00edo. El agua inund\u00f3 el Museo de Tajamar que se estaba restaurando y la L\u00ednea 1 del Metro, obligando a suspender el servicio desde la estaci\u00f3n Universidad de Chile hasta Tobalaba.<\/p>\n<p>JULIO<\/p>\n<p>Las pensiones de Gendarmer\u00eda y No+AFP<\/p>\n<p>El 4 de julio, acrecentando la crisis en el Ministerio de Justicia, estall\u00f3 el caso de la millonaria pensi\u00f3n que obtuvo Myriam Olate, ex subdirectora t\u00e9cnica de Gendarmer\u00eda y ex esposa del diputado socialista Osvaldo Andrade. Otros miembros de la instituci\u00f3n lograron pensiones similares, lo que provoc\u00f3 la protesta masiva de ciudadanos que exig\u00edan un cambio urgente al sistema de pensiones en Chile.<\/p>\n<p>A ra\u00edz de la misma situaci\u00f3n, el d\u00eda 24 se realiz\u00f3 en 40 ciudades chilenas la primera marcha masiva en contra del sistema de pensiones, organizada por el movimiento No+AFP.<\/p>\n<p>AGOSTO<\/p>\n<p>El fen\u00f3meno de Pok\u00e9mon Go y cambios al sistema de pensiones<\/p>\n<p>Por fin lleg\u00f3 a Chile, el 3 de agosto, el esperado videojuego \u201cPok\u00e9mon Go\u201d para smartphones. La aplicaci\u00f3n r\u00e1pidamente bati\u00f3 r\u00e9cords de descarga tanto en App Store como en Google Play y se convirti\u00f3 en un fen\u00f3meno tecnol\u00f3gico. No hab\u00eda rinc\u00f3n de la ciudad donde no hubiese una persona jugando.<\/p>\n<p>Tras la pol\u00e9mica de las pensiones en Gendarmer\u00eda y las masivas protestas ciudadanas en contra de las AFP, la Presidenta Bachelet a trav\u00e9s de una cadena nacional anunci\u00f3, el d\u00eda 9, medidas para mejorar \u201cde forma permanente\u201d el sistema de pensiones en Chile.<\/p>\n<p>SEPTIEMBRE<\/p>\n<p>Portabilidad completa y el caso Garay<\/p>\n<p>El Ministerio de Transporte y Telecomunicaciones lanz\u00f3 el 5 de septiembre el inicio de la portabilidad telef\u00f3nica completa en todo el pa\u00eds. Esto quiere decir que los usuarios pueden cambiar su n\u00famero de tel\u00e9fono fijo a uno celular y viceversa, sin trabas tecnol\u00f3gicas o geogr\u00e1ficas.<\/p>\n<p>La vida del conocido economista chileno Rafael Garay sufri\u00f3 un giro radical, luego de que el 21 de septiembre se interpusiera una denuncia por presunta desgracia. Meses antes, el profesional hab\u00eda confesado que padec\u00eda de un tumor cerebral maligno y que en esa fecha viajar\u00eda a Francia para un tratamiento. La investigaci\u00f3n del caso confirm\u00f3 que el chileno nunca pas\u00f3 por suelo franc\u00e9s y fue ubicado en Rumania, sano y salvo, junto una pareja de ese pa\u00eds. D\u00edas despu\u00e9s, el periodista Iv\u00e1n N\u00fa\u00f1ez y otros afectados se querellaron contra el ingeniero comercial por presunta estafa y r\u00e1pidamente se emiti\u00f3 una orden de captura internacional. Garay finalmente fue detenido en noviembre y en la actualidad enfrenta un proceso de extradici\u00f3n.<\/p>\n<p>OCTUBRE<\/p>\n<p>Error del padr\u00f3n electoral, se va la ministra, #NiUnaMenos, las municipales y tragedia en el cerro<\/p>\n<p>A d\u00edas de las elecciones municipales, el 9 de octubre, surgi\u00f3 una grave denuncia period\u00edstica al confirmarse que casi medio mill\u00f3n de ciudadanos fueron cambiados unilateralmente de domicilio electoral. Tanto el Servel como el Registro Civil se culparon mutuamente del error en el padr\u00f3n electoral. El Gobierno intent\u00f3 solucionar el problema por medio de una ley corta, pero esta fracas\u00f3 en el Congreso.<\/p>\n<p>El d\u00eda 19, se produjo la salida de la ministra de Justicia, Javiera Blanco, quien estaba muy mal evaluada a ra\u00edz de la crisis en Sename y Gendarmer\u00eda; del ministro de Bienes Nacionales, V\u00edctor Osorio, y del ministro de Energ\u00eda, M\u00e1ximo Pacheco, quien sorpresivamente sali\u00f3 del gabinete para trabajar en la campa\u00f1a de Ricardo Lagos.<\/p>\n<p>Ese mismo d\u00eda (19), m\u00e1s de 80.000 personas acudieron en Santiago a la marcha contra la violencia machista en solidaridad con la campa\u00f1a #NiUnaMenos, iniciada en Argentina luego del brutal femicidio de la adolescente Luc\u00eda P\u00e9rez.<\/p>\n<p>Las elecciones municipales se realizaron el d\u00eda 23, con escasa participaci\u00f3n ciudadana -s\u00f3lo el 35%- y con una derrota importante para la Nueva Mayor\u00eda, que perdi\u00f3 en comunas emblem\u00e1ticas, como Santiago, Maip\u00fa, Providencia, \u00d1u\u00f1oa, Puente Alto y Valpara\u00edso.<\/p>\n<p>Una tr\u00e1gica noticia se conoci\u00f3 el 26 de octubre, cuando fueron hallados cerca de la cumbre del cerro Provincia de la capital los cuerpos de los universitarios Vicente Charpentier y Joaqu\u00edn Castillo, los que estaban extraviados desde el 15 del mismo mes.<\/p>\n<p>NOVIEMBRE<\/p>\n<p>Reajuste y Presupuesto aprobado y cambio de gabinete<\/p>\n<p>Despu\u00e9s de duras disputas y agresiones verbales en el Congreso, de parte del mundo sindical, en contra de las autoridades de Gobierno, el Senado aprob\u00f3, el 16 de noviembre, el reajuste de 3,2% al sector p\u00fablico. El proyecto concedi\u00f3, adem\u00e1s, por una sola vez, un bono especial de $114 mil para 490.000 trabajadores cuya remuneraci\u00f3n l\u00edquida fuera igual o inferior a $550.000; y otro bono de $35 mil para 456.915 personas que percibieran rentas l\u00edquidas iguales o inferiores a $2.345.060 brutos de car\u00e1cter permanente.<\/p>\n<p>El d\u00eda 18, se concret\u00f3 el esperado cambio de gabinete, en donde se confirm\u00f3 la salida del ministro secretario general de Gobierno, Marcelo D\u00edaz; la ministra de Trabajo, Ximena Rinc\u00f3n, y la de  Deporte, Natalia Riffo. En su reemplazo ingresaron Paula Narv\u00e1ez (vocera de Gobierno), Alejandra Krauss (Trabajo) y Pablo Squella (Deporte).<\/p>\n<p>El martes 29 de noviembre, tras varias horas de discusi\u00f3n, el Senado aprob\u00f3 el Presupuesto 2017, incluyendo la glosa de gratuidad  para la educaci\u00f3n superior, con 26 votos a favor, dos abstenciones y ninguno en contra.<\/p>\n<p>DICIEMBRE<\/p>\n<p>El caso Arcis, colusi\u00f3n de pa\u00f1ales y terremoto en Chilo\u00e9<\/p>\n<p>Pol\u00e9mica se produjo el 5 de diciembre, cuando la ministra de Educaci\u00f3n, Adriana Delpiano, abri\u00f3 la opci\u00f3n de cerrar definitivamente la Universidad Arcis debido a su crisis financiera, lo que impact\u00f3 a la comunidad acad\u00e9mica y estudiantil de la casa de estudios.<\/p>\n<p>El d\u00eda 20, se dio a conocer una investigaci\u00f3n de la Fiscal\u00eda Nacional Econ\u00f3mica (FNE) en contra de las empresas CMPC y la multinacional Kimberly Clark, las que se habr\u00edan coludido para acordar el precio en el mercado de los pa\u00f1ales entre 2002 y 2009.<\/p>\n<p>El d\u00eda de Navidad (25 de diciembre) la isla de Chilo\u00e9 sufri\u00f3 un terremoto de 7,6 grados de magnitud en la escala de Richter y posteriormente una alarma de tsunami, que por suerte no dej\u00f3 v\u00edctimas fatales ni heridos y s\u00f3lo hubo algunos da\u00f1os en carreteras y cortes de luz. El sismo tambi\u00e9n se sinti\u00f3 en localidades de las regiones de Biob\u00edo, La Araucan\u00eda, Los R\u00edos, Los Lagos y Ays\u00e9n.<br \/>\nhttp:\/\/www.lanacion.cl\/noticias\/pais\/hitos-2016\/resumen-nacional-2016-ano-de-movilizaciones-colusiones-y-crisis\/2016-12-29\/115752.html<br \/>\nFUENTE. LA NACION.CL<\/p>\n","protected":false},"excerpt":{"rendered":"<p>ENERO Colusi\u00f3n de los pollos y fetidez en Santiago El pasado 6 de enero, la Fiscal\u00eda Nacional Econ\u00f3mica (FNE) denunci\u00f3 que las empresas Cencosud, due\u00f1a de los supermercados Jumbo y Santa Isabel; Walmart, de supermercados Lider, y SMU, de Unimarc, acordaron fijar los precios de la carne de pollo fresca, inici\u00e1ndose el caso conocido como [&hellip;]<\/p>\n","protected":false},"author":51,"featured_media":0,"comment_status":"open","ping_status":"open","sticky":false,"template":"","format":"standard","meta":{"footnotes":""},"categories":[1],"tags":[252,93],"class_list":["post-23155","post","type-post","status-publish","format-standard","hentry","category-uncategorized","tag-ano-2016","tag-pais"],"_links":{"self":[{"href":"http:\/\/www.lanuevaopcion.cl\/index.php?rest_route=\/wp\/v2\/posts\/23155","targetHints":{"allow":["GET"]}}],"collection":[{"href":"http:\/\/www.lanuevaopcion.cl\/index.php?rest_route=\/wp\/v2\/posts"}],"about":[{"href":"http:\/\/www.lanuevaopcion.cl\/index.php?rest_route=\/wp\/v2\/types\/post"}],"author":[{"embeddable":true,"href":"http:\/\/www.lanuevaopcion.cl\/index.php?rest_route=\/wp\/v2\/users\/51"}],"replies":[{"embeddable":true,"href":"http:\/\/www.lanuevaopcion.cl\/index.php?rest_route=%2Fwp%2Fv2%2Fcomments&post=23155"}],"version-history":[{"count":1,"href":"http:\/\/www.lanuevaopcion.cl\/index.php?rest_route=\/wp\/v2\/posts\/23155\/revisions"}],"predecessor-version":[{"id":23156,"href":"http:\/\/www.lanuevaopcion.cl\/index.php?rest_route=\/wp\/v2\/posts\/23155\/revisions\/23156"}],"wp:attachment":[{"href":"http:\/\/www.lanuevaopcion.cl\/index.php?rest_route=%2Fwp%2Fv2%2Fmedia&parent=23155"}],"wp:term":[{"taxonomy":"category","embeddable":true,"href":"http:\/\/www.lanuevaopcion.cl\/index.php?rest_route=%2Fwp%2Fv2%2Fcategories&post=23155"},{"taxonomy":"post_tag","embeddable":true,"href":"http:\/\/www.lanuevaopcion.cl\/index.php?rest_route=%2Fwp%2Fv2%2Ftags&post=23155"}],"curies":[{"name":"wp","href":"https:\/\/api.w.org\/{rel}","templated":true}]}}