{"id":23153,"date":"2016-12-29T14:25:03","date_gmt":"2016-12-29T14:25:03","guid":{"rendered":"http:\/\/www.lanuevaopcion.cl\/?p=23153"},"modified":"2016-12-29T14:25:03","modified_gmt":"2016-12-29T14:25:03","slug":"bachelet-promulgo-ley-que-permite-eleccion-popular-de-intendentes","status":"publish","type":"post","link":"http:\/\/www.lanuevaopcion.cl\/?p=23153","title":{"rendered":"Bachelet promulg\u00f3 ley que permite elecci\u00f3n popular de intendentes"},"content":{"rendered":"<p><img loading=\"lazy\" decoding=\"async\"  alt=\"\" src=\"http:\/\/www.lanacion.cl\/noticias\/site\/artic\/20161229\/imag\/foto_0000000520161229105048.jpg\" class=\"alignleft\" width=\"380\" height=\"180\" \/ class=\"alignleft\" style=\"margin-right:15px;margin-bottom:10px;float:left;\" >La Presidenta Michelle Bachelet promulg\u00f3 la ma\u00f1ana de este jueves la ley que permite la elecci\u00f3n de los intendentes regionales &#8211; denominados ahora gobernadores regionales- en una ceremonia en La Moneda, que cont\u00f3 con la presencia de los 15 intendentes del pa\u00eds.<br \/>\n<!--more--><br \/>\nLa Mandataria calific\u00f3 la iniciativa como \u00abun paso relevante en materia de descentralizaci\u00f3n\u00bb y, sostuvo que la elecci\u00f3n de las autoridades regionales \u00absignifica una sola cosa: m\u00e1s y mejor democracia para todas las regiones\u00bb.<\/p>\n<p>\u201cLa funci\u00f3n de los gobernadores regionales ser\u00e1 presidir el Consejo Regional y coordinar y fiscalizar los servicios p\u00fablicos por cuatro a\u00f1os\u00bb, sostuvo.<\/p>\n<p>Bachelet indici\u00f3 que \u00absi ning\u00fan candidato obtiene m\u00e1s del 40% de los votos se deber\u00e1 hacer una segunda vuelta\u00bb.<br \/>\nhttp:\/\/www.lanacion.cl\/noticias\/pais\/gobierno\/bachelet-promulgo-ley-que-permite-eleccion-popular-de-intendentes\/2016-12-29\/105048.html<br \/>\nFUENTE. LA NACION.CL<\/p>\n","protected":false},"excerpt":{"rendered":"<p>La Presidenta Michelle Bachelet promulg\u00f3 la ma\u00f1ana de este jueves la ley que permite la elecci\u00f3n de los intendentes regionales &#8211; denominados ahora gobernadores regionales- en una ceremonia en La Moneda, que cont\u00f3 con la presencia de los 15 intendentes del pa\u00eds.<\/p>\n","protected":false},"author":51,"featured_media":0,"comment_status":"open","ping_status":"open","sticky":false,"template":"","format":"standard","meta":{"footnotes":""},"categories":[1],"tags":[165,93],"class_list":["post-23153","post","type-post","status-publish","format-standard","hentry","category-uncategorized","tag-gobierno","tag-pais"],"_links":{"self":[{"href":"http:\/\/www.lanuevaopcion.cl\/index.php?rest_route=\/wp\/v2\/posts\/23153","targetHints":{"allow":["GET"]}}],"collection":[{"href":"http:\/\/www.lanuevaopcion.cl\/index.php?rest_route=\/wp\/v2\/posts"}],"about":[{"href":"http:\/\/www.lanuevaopcion.cl\/index.php?rest_route=\/wp\/v2\/types\/post"}],"author":[{"embeddable":true,"href":"http:\/\/www.lanuevaopcion.cl\/index.php?rest_route=\/wp\/v2\/users\/51"}],"replies":[{"embeddable":true,"href":"http:\/\/www.lanuevaopcion.cl\/index.php?rest_route=%2Fwp%2Fv2%2Fcomments&post=23153"}],"version-history":[{"count":1,"href":"http:\/\/www.lanuevaopcion.cl\/index.php?rest_route=\/wp\/v2\/posts\/23153\/revisions"}],"predecessor-version":[{"id":23154,"href":"http:\/\/www.lanuevaopcion.cl\/index.php?rest_route=\/wp\/v2\/posts\/23153\/revisions\/23154"}],"wp:attachment":[{"href":"http:\/\/www.lanuevaopcion.cl\/index.php?rest_route=%2Fwp%2Fv2%2Fmedia&parent=23153"}],"wp:term":[{"taxonomy":"category","embeddable":true,"href":"http:\/\/www.lanuevaopcion.cl\/index.php?rest_route=%2Fwp%2Fv2%2Fcategories&post=23153"},{"taxonomy":"post_tag","embeddable":true,"href":"http:\/\/www.lanuevaopcion.cl\/index.php?rest_route=%2Fwp%2Fv2%2Ftags&post=23153"}],"curies":[{"name":"wp","href":"https:\/\/api.w.org\/{rel}","templated":true}]}}