{"id":23149,"date":"2016-12-27T11:06:38","date_gmt":"2016-12-27T11:06:38","guid":{"rendered":"http:\/\/www.lanuevaopcion.cl\/?p=23149"},"modified":"2016-12-27T11:06:38","modified_gmt":"2016-12-27T11:06:38","slug":"presidenta-visito-quellon-y-destaco-%e2%80%9cla-actitud%e2%80%9d-y-%e2%80%9cla-respuesta%e2%80%9d-ante-el-terremoto","status":"publish","type":"post","link":"http:\/\/www.lanuevaopcion.cl\/?p=23149","title":{"rendered":"Presidenta visit\u00f3 Quell\u00f3n y destac\u00f3 \u201cla actitud\u201d y \u201cla respuesta\u201d ante el terremoto"},"content":{"rendered":"<p><img loading=\"lazy\" decoding=\"async\"  alt=\"\" src=\"http:\/\/www.lanacion.cl\/noticias\/site\/artic\/20161226\/imag\/foto_0000000520161226192152.png\" class=\"alignleft\" width=\"380\" height=\"180\" \/ class=\"alignleft\" style=\"margin-right:15px;margin-bottom:10px;float:left;\" >La Presidenta Michelle Bachelet visit\u00f3 este lunes las zonas m\u00e1s afectadas por el terremoto del domingo en Quell\u00f3n, ocasi\u00f3n en la que aprovech\u00f3 de destacar la capacidad de respuesta y la organizaci\u00f3n de los chilotes para enfrentar la emergencia.<\/p>\n<p>La Mandataria sostuvo un encuentro con los damnificados del Barrio Industrial de la comuna tras el sismo de 7,6\u00b0 Richter que dej\u00f3 varias casas en el suelo y algunos cortes de ruta en la zona.<br \/>\n<!--more--><br \/>\nBachelet afirm\u00f3 que \u00abhay recursos inmediatos que van a ser entregados a las familias para que puedan arrendar un lugar\u00bb y agreg\u00f3 que \u00abma\u00f1ana (martes) en la ma\u00f1ana va a estar resuelto la conectividad entre Quell\u00f3n y Castro para poder transitar como corresponde\u00bb.<\/p>\n<p>\u00abEs de destacar la actitud, la respuesta que los chilotes han tenido frente a esta emergencia. Han respondido organizadamente, coordinadamente, y por eso en parte no hemos tenido p\u00e9rdidas que lamentar\u00bb, recalc\u00f3.<\/p>\n<p>Adem\u00e1s, tal como inform\u00f3 a primera hora el Ministerio de Obras P\u00fablicas, confirm\u00f3 que habr\u00e1 \u201cuna investigaci\u00f3n exhaustiva\u00bb debido a los graves da\u00f1os que sufri\u00f3 la Ruta 5 Sur a la altura del sector de Tarahuin (comuna de Castro), tramo construido en 2015 por la empresa Azvi, la misma del fallido puente Cau Cau.<\/p>\n<p>En cuanto a las cr\u00edticas por los cambios en las estimaciones en las horas de llegada del posible tsunami, Bachelet trat\u00f3 de bajarle el perfil a la situaci\u00f3n y coment\u00f3 que \u00ablo bueno es que se dio la instrucci\u00f3n de evacuar, m\u00e1s all\u00e1 de cu\u00e1ndo llegaban las olas. Eso es lo importante: que la gente evacu\u00f3 donde correspond\u00eda\u00bb.<\/p>\n<p>\u00abM\u00e1s all\u00e1 de las precisiones t\u00e9cnicas (&#8230;) Eso es lo que pasa siempre, porque las estimaciones se van afinando con los instrumentos que existen. La gente evacu\u00f3 y no hubo maremoto\u00bb, concluy\u00f3.<br \/>\nhttp:\/\/www.lanacion.cl\/noticias\/pais\/politica\/presidenta-visito-quellon-y-destaco-la-actitud-y-la-respuesta-ante\/2016-12-26\/192152.html<br \/>\nFUENTE. LA NACION.CL<\/p>\n","protected":false},"excerpt":{"rendered":"<p>La Presidenta Michelle Bachelet visit\u00f3 este lunes las zonas m\u00e1s afectadas por el terremoto del domingo en Quell\u00f3n, ocasi\u00f3n en la que aprovech\u00f3 de destacar la capacidad de respuesta y la organizaci\u00f3n de los chilotes para enfrentar la emergencia. La Mandataria sostuvo un encuentro con los damnificados del Barrio Industrial de la comuna tras el [&hellip;]<\/p>\n","protected":false},"author":51,"featured_media":0,"comment_status":"open","ping_status":"open","sticky":false,"template":"","format":"standard","meta":{"footnotes":""},"categories":[1],"tags":[93,1628],"class_list":["post-23149","post","type-post","status-publish","format-standard","hentry","category-uncategorized","tag-pais","tag-uncategorized"],"_links":{"self":[{"href":"http:\/\/www.lanuevaopcion.cl\/index.php?rest_route=\/wp\/v2\/posts\/23149","targetHints":{"allow":["GET"]}}],"collection":[{"href":"http:\/\/www.lanuevaopcion.cl\/index.php?rest_route=\/wp\/v2\/posts"}],"about":[{"href":"http:\/\/www.lanuevaopcion.cl\/index.php?rest_route=\/wp\/v2\/types\/post"}],"author":[{"embeddable":true,"href":"http:\/\/www.lanuevaopcion.cl\/index.php?rest_route=\/wp\/v2\/users\/51"}],"replies":[{"embeddable":true,"href":"http:\/\/www.lanuevaopcion.cl\/index.php?rest_route=%2Fwp%2Fv2%2Fcomments&post=23149"}],"version-history":[{"count":1,"href":"http:\/\/www.lanuevaopcion.cl\/index.php?rest_route=\/wp\/v2\/posts\/23149\/revisions"}],"predecessor-version":[{"id":23150,"href":"http:\/\/www.lanuevaopcion.cl\/index.php?rest_route=\/wp\/v2\/posts\/23149\/revisions\/23150"}],"wp:attachment":[{"href":"http:\/\/www.lanuevaopcion.cl\/index.php?rest_route=%2Fwp%2Fv2%2Fmedia&parent=23149"}],"wp:term":[{"taxonomy":"category","embeddable":true,"href":"http:\/\/www.lanuevaopcion.cl\/index.php?rest_route=%2Fwp%2Fv2%2Fcategories&post=23149"},{"taxonomy":"post_tag","embeddable":true,"href":"http:\/\/www.lanuevaopcion.cl\/index.php?rest_route=%2Fwp%2Fv2%2Ftags&post=23149"}],"curies":[{"name":"wp","href":"https:\/\/api.w.org\/{rel}","templated":true}]}}