{"id":23147,"date":"2016-12-26T14:19:41","date_gmt":"2016-12-26T14:19:41","guid":{"rendered":"http:\/\/www.lanuevaopcion.cl\/?p=23147"},"modified":"2016-12-26T14:19:41","modified_gmt":"2016-12-26T14:19:41","slug":"cadem-pinera-aventaja-en-8-puntos-a-guillier-en-intencion-de-voto","status":"publish","type":"post","link":"http:\/\/www.lanuevaopcion.cl\/?p=23147","title":{"rendered":"Cadem: Pi\u00f1era aventaja en 8 puntos a Guillier en intenci\u00f3n de voto"},"content":{"rendered":"<p><img loading=\"lazy\" decoding=\"async\"  alt=\"\" src=\"http:\/\/www.lanacion.cl\/noticias\/site\/artic\/20161226\/imag\/foto_0000000520161226094219.jpg\" class=\"alignleft\" width=\"380\" height=\"180\" \/ class=\"alignleft\" style=\"margin-right:15px;margin-bottom:10px;float:left;\" >Una ventaja de 8 puntos en intenci\u00f3n de voto logr\u00f3 el ex Presidente Sebasti\u00e1n Pi\u00f1era, por sobre el senador independiente Alejandro Guillier, seg\u00fan la \u00faltima encuesta Cadem, dada a conocer este lunes.<br \/>\n<!--more--><br \/>\nEl ex Mandatario aparece como l\u00edder en intenci\u00f3n de voto espont\u00e1neo con un 23% de las preferencias, lo que representa un alza de un punto.<\/p>\n<p>Guillier, en tanto, baj\u00f3 tres puntos, llegando al 15%.<\/p>\n<p>En tercer lugar qued\u00f3 el ex Presidente Ricardo Lagos Escobar, con un 6% de las preferencias, subiendo un punto.<\/p>\n<p>Le siguen Manuel Jos\u00e9 Ossand\u00f3n (independiente), quien retrocedi\u00f3 2 puntos, quedando sen 2%.<\/p>\n<p>En tanto, ante la consulta sobre \u00bfqui\u00e9n cree usted que ser\u00e1 el pr\u00f3ximo presidente de Chile?, independiente de su preferencia, el 39% se inclin\u00f3 por Pi\u00f1era y el 19% por Guillier.<br \/>\nhttp:\/\/www.lanacion.cl\/noticias\/pais\/politica\/cadem-pinera-aventaja-en-8-puntos-a-guillier-en-intencion-de-voto\/2016-12-26\/094219.html<br \/>\nFUENTE. LA NACION.CL<\/p>\n","protected":false},"excerpt":{"rendered":"<p>Una ventaja de 8 puntos en intenci\u00f3n de voto logr\u00f3 el ex Presidente Sebasti\u00e1n Pi\u00f1era, por sobre el senador independiente Alejandro Guillier, seg\u00fan la \u00faltima encuesta Cadem, dada a conocer este lunes.<\/p>\n","protected":false},"author":51,"featured_media":0,"comment_status":"open","ping_status":"open","sticky":false,"template":"","format":"standard","meta":{"footnotes":""},"categories":[1],"tags":[93,1628],"class_list":["post-23147","post","type-post","status-publish","format-standard","hentry","category-uncategorized","tag-pais","tag-uncategorized"],"_links":{"self":[{"href":"http:\/\/www.lanuevaopcion.cl\/index.php?rest_route=\/wp\/v2\/posts\/23147","targetHints":{"allow":["GET"]}}],"collection":[{"href":"http:\/\/www.lanuevaopcion.cl\/index.php?rest_route=\/wp\/v2\/posts"}],"about":[{"href":"http:\/\/www.lanuevaopcion.cl\/index.php?rest_route=\/wp\/v2\/types\/post"}],"author":[{"embeddable":true,"href":"http:\/\/www.lanuevaopcion.cl\/index.php?rest_route=\/wp\/v2\/users\/51"}],"replies":[{"embeddable":true,"href":"http:\/\/www.lanuevaopcion.cl\/index.php?rest_route=%2Fwp%2Fv2%2Fcomments&post=23147"}],"version-history":[{"count":1,"href":"http:\/\/www.lanuevaopcion.cl\/index.php?rest_route=\/wp\/v2\/posts\/23147\/revisions"}],"predecessor-version":[{"id":23148,"href":"http:\/\/www.lanuevaopcion.cl\/index.php?rest_route=\/wp\/v2\/posts\/23147\/revisions\/23148"}],"wp:attachment":[{"href":"http:\/\/www.lanuevaopcion.cl\/index.php?rest_route=%2Fwp%2Fv2%2Fmedia&parent=23147"}],"wp:term":[{"taxonomy":"category","embeddable":true,"href":"http:\/\/www.lanuevaopcion.cl\/index.php?rest_route=%2Fwp%2Fv2%2Fcategories&post=23147"},{"taxonomy":"post_tag","embeddable":true,"href":"http:\/\/www.lanuevaopcion.cl\/index.php?rest_route=%2Fwp%2Fv2%2Ftags&post=23147"}],"curies":[{"name":"wp","href":"https:\/\/api.w.org\/{rel}","templated":true}]}}