{"id":23142,"date":"2016-12-24T17:12:55","date_gmt":"2016-12-24T17:12:55","guid":{"rendered":"http:\/\/www.lanuevaopcion.cl\/?p=23142"},"modified":"2016-12-24T17:12:55","modified_gmt":"2016-12-24T17:12:55","slug":"zaldivar-%e2%80%9cno-estamos-en-condiciones-de-llevar-candidato-a-primera-vuelta%e2%80%9d","status":"publish","type":"post","link":"http:\/\/www.lanuevaopcion.cl\/?p=23142","title":{"rendered":"Zald\u00edvar: \u201cNo estamos en condiciones de llevar candidato a primera vuelta\u201d"},"content":{"rendered":"<p><img loading=\"lazy\" decoding=\"async\"  alt=\"\" src=\"http:\/\/www.lanacion.cl\/noticias\/site\/artic\/20161224\/imag\/foto_0000000520161224111410.jpg\" class=\"alignleft\" width=\"380\" height=\"180\" \/ class=\"alignleft\" style=\"margin-right:15px;margin-bottom:10px;float:left;\" >Luego que se le extirpara un tumor que lo mantuvo un mes con licencia m\u00e9dica y por el cual perdi\u00f3 6 kilos, el senador DC, Andr\u00e9s Zald\u00edvar, se refiri\u00f3 a la futura decisi\u00f3n de la falange respecto a la carrera presidencial. Al respecto, el parlamentario reiter\u00f3 su oposici\u00f3n a que la colectividad presente un candidato a primera vuelta y reiter\u00f3 que Ricardo Lagos es una de las principales cartas a La Moneda el 2017, pero no descart\u00f3 la presencia de otros liderazgos.<br \/>\n<!--more--><br \/>\n\u201cYo creo que Ricardo Lagos es una de las opciones que tenemos y con eso no quiero descalificar a ning\u00fan otro. La DC tambi\u00e9n tiene el derecho a poder proyectar nuestros liderazgos y ojal\u00e1 que lo tengamos. Y en el caso que decidamos que tenemos que participar con otros liderazgos, insisto, tenemos que hacerlo sobre la base de llegar a un acuerdo de tipo program\u00e1tico claro y preciso de centroizquierda\u201d, dijo en entrevista con El Mercurio.<\/p>\n<p>En este sentido, el legislador sostuvo que no le preocupa la baja adhesi\u00f3n a Lagos en las encuestas se\u00f1alando que \u201cuna vez que se despeje el tema presidencial puede ser que se d\u00e9 un vuelco. No creo que hoy est\u00e9n todas las cartas echadas. Estamos en un proceso bastante m\u00e1s confuso que el que permita decir con claridad por ah\u00ed vamos. Pero insisto, Lagos es uno de los posibles liderazgos que no podemos descalificar ni da\u00f1ar. Es malo cuando hay gente que est\u00e1 tratando de descalificarlo\u201d.<\/p>\n<p>Sobre el futuro de su partido, el cual dirimir\u00e1 en una elecci\u00f3n interna su nueva mesa nacional el 11 de enero, Zaldivar se inclin\u00f3 por la actual titular Carolina Goic para que contin\u00fae al mando de la falange, no obstante, volvi\u00f3 a mostrar una postura disidente respecto a la presentaci\u00f3n de un candidato directamente en primera vuelta.<\/p>\n<p>\u201cYo personalmente creo que no estamos en condiciones de llevar un candidato propio porque no tenemos un liderazgo fuerte efectivamente, y he sostenido dentro del partido que lo importante es proyectar liderazgos y no matarlos. Porque muchas veces, llevando candidatos a una aventura de tipo electoral, una primaria, para despu\u00e9s salir tercero o cuarto, vamos m\u00e1s bien a destruir el liderazgo que potenciarlo para el tiempo pr\u00f3ximo\u201d, remarc\u00f3.<br \/>\nhttp:\/\/www.lanacion.cl\/noticias\/pais\/politica\/zaldivar-no-estamos-en-condiciones-de-llevar-candidato-a-primera\/2016-12-24\/111410.html<br \/>\nFUENTE. LA NACION.CL<\/p>\n","protected":false},"excerpt":{"rendered":"<p>Luego que se le extirpara un tumor que lo mantuvo un mes con licencia m\u00e9dica y por el cual perdi\u00f3 6 kilos, el senador DC, Andr\u00e9s Zald\u00edvar, se refiri\u00f3 a la futura decisi\u00f3n de la falange respecto a la carrera presidencial. Al respecto, el parlamentario reiter\u00f3 su oposici\u00f3n a que la colectividad presente un candidato [&hellip;]<\/p>\n","protected":false},"author":51,"featured_media":0,"comment_status":"open","ping_status":"open","sticky":false,"template":"","format":"standard","meta":{"footnotes":""},"categories":[1],"tags":[93,1628],"class_list":["post-23142","post","type-post","status-publish","format-standard","hentry","category-uncategorized","tag-pais","tag-uncategorized"],"_links":{"self":[{"href":"http:\/\/www.lanuevaopcion.cl\/index.php?rest_route=\/wp\/v2\/posts\/23142","targetHints":{"allow":["GET"]}}],"collection":[{"href":"http:\/\/www.lanuevaopcion.cl\/index.php?rest_route=\/wp\/v2\/posts"}],"about":[{"href":"http:\/\/www.lanuevaopcion.cl\/index.php?rest_route=\/wp\/v2\/types\/post"}],"author":[{"embeddable":true,"href":"http:\/\/www.lanuevaopcion.cl\/index.php?rest_route=\/wp\/v2\/users\/51"}],"replies":[{"embeddable":true,"href":"http:\/\/www.lanuevaopcion.cl\/index.php?rest_route=%2Fwp%2Fv2%2Fcomments&post=23142"}],"version-history":[{"count":2,"href":"http:\/\/www.lanuevaopcion.cl\/index.php?rest_route=\/wp\/v2\/posts\/23142\/revisions"}],"predecessor-version":[{"id":23144,"href":"http:\/\/www.lanuevaopcion.cl\/index.php?rest_route=\/wp\/v2\/posts\/23142\/revisions\/23144"}],"wp:attachment":[{"href":"http:\/\/www.lanuevaopcion.cl\/index.php?rest_route=%2Fwp%2Fv2%2Fmedia&parent=23142"}],"wp:term":[{"taxonomy":"category","embeddable":true,"href":"http:\/\/www.lanuevaopcion.cl\/index.php?rest_route=%2Fwp%2Fv2%2Fcategories&post=23142"},{"taxonomy":"post_tag","embeddable":true,"href":"http:\/\/www.lanuevaopcion.cl\/index.php?rest_route=%2Fwp%2Fv2%2Ftags&post=23142"}],"curies":[{"name":"wp","href":"https:\/\/api.w.org\/{rel}","templated":true}]}}