{"id":23136,"date":"2016-12-21T19:40:19","date_gmt":"2016-12-21T19:40:19","guid":{"rendered":"http:\/\/www.lanuevaopcion.cl\/?p=23136"},"modified":"2016-12-21T19:40:19","modified_gmt":"2016-12-21T19:40:19","slug":"compagnon-consiguio-autorizacion-para-salir-del-pais-antes-de-fin-de-ano","status":"publish","type":"post","link":"http:\/\/www.lanuevaopcion.cl\/?p=23136","title":{"rendered":"Compagnon consigui\u00f3 autorizaci\u00f3n para salir del pa\u00eds antes de fin de a\u00f1o"},"content":{"rendered":"<p><img loading=\"lazy\" decoding=\"async\"  alt=\"\" src=\"http:\/\/www.lanacion.cl\/noticias\/site\/artic\/20161221\/imag\/foto_0000000520161221114541.jpg\" class=\"alignleft\" width=\"380\" height=\"180\" \/ class=\"alignleft\" style=\"margin-right:15px;margin-bottom:10px;float:left;\" >La Corte de Apelaciones de Rancagua levant\u00f3 la medida cautelar de arraigo nacional que afectaba a Natalia Compagnon, lo que significa que est\u00e1 autorizada para viajar fuera del pa\u00eds antes de fin de a\u00f1o, tal como lo hab\u00eda solicitado en tres oportunidades anteriores, pero sin \u00e9xito.<br \/>\n <!--more--><br \/>\nLa audiencia de apelaci\u00f3n a la nueva negativa del Juzgado de Garant\u00eda de esa ciudad al permiso que solicit\u00f3 la nuera de la Presidenta Michelle Bachelet para viajar a los Estados Unidos, ahora entre el 23 de diciembre y el 5 de enero, se realiz\u00f3 sin la presencia de ella.<\/p>\n<p>Eso, porque la se\u00f1ora Compagnon no lleg\u00f3 hasta el Tribunal de Alzada de la Regi\u00f3n de O&#8217;Higgins, porque fue a la Fiscal\u00eda local a reunirse con el fiscal Emiliano Arias, quien tiene programada una audiencia el pr\u00f3ximo 6 de enero para formalizarla por estafa, a ra\u00edz de una causa generada en la querella que present\u00f3 por ese delito en contra de ella y de su socio en Caval, Mauricio Valero, por el empresario Gonzalo Vial Concha.<\/p>\n<p>El abogado de Natalia Compagnon, Antonio Garafulic, luego de alegar en la audiencia de apelaci\u00f3n, tambi\u00e9n ir\u00e1 a la Fiscal\u00eda de Rancagua para participar de la reuni\u00f3n de su defendida con Arias.<\/p>\n<p>All\u00ed, uno de los temas que se discutir\u00e1 ser\u00e1 la anunciada querella por filtraciones en contra de la Fiscal\u00eda rancag\u00fcina, que seg\u00fan el propio Garafulic iba a ser interpuesta el martes, cosa que no ocurri\u00f3. Se dice que depende de la reuni\u00f3n de este mi\u00e9rcoles si ese libelo es presentado en tribunales o no.<br \/>\nhttp:\/\/www.lanacion.cl\/noticias\/pais\/tribunales\/compagnon-consiguio-autorizacion-para-salir-del-pais-antes-de-fin-de\/2016-12-21\/114541.html<br \/>\nFUENTE. LA NACION.CL<\/p>\n","protected":false},"excerpt":{"rendered":"<p>La Corte de Apelaciones de Rancagua levant\u00f3 la medida cautelar de arraigo nacional que afectaba a Natalia Compagnon, lo que significa que est\u00e1 autorizada para viajar fuera del pa\u00eds antes de fin de a\u00f1o, tal como lo hab\u00eda solicitado en tres oportunidades anteriores, pero sin \u00e9xito.<\/p>\n","protected":false},"author":51,"featured_media":0,"comment_status":"open","ping_status":"open","sticky":false,"template":"","format":"standard","meta":{"footnotes":""},"categories":[1],"tags":[93,137],"class_list":["post-23136","post","type-post","status-publish","format-standard","hentry","category-uncategorized","tag-pais","tag-tribunales"],"_links":{"self":[{"href":"http:\/\/www.lanuevaopcion.cl\/index.php?rest_route=\/wp\/v2\/posts\/23136","targetHints":{"allow":["GET"]}}],"collection":[{"href":"http:\/\/www.lanuevaopcion.cl\/index.php?rest_route=\/wp\/v2\/posts"}],"about":[{"href":"http:\/\/www.lanuevaopcion.cl\/index.php?rest_route=\/wp\/v2\/types\/post"}],"author":[{"embeddable":true,"href":"http:\/\/www.lanuevaopcion.cl\/index.php?rest_route=\/wp\/v2\/users\/51"}],"replies":[{"embeddable":true,"href":"http:\/\/www.lanuevaopcion.cl\/index.php?rest_route=%2Fwp%2Fv2%2Fcomments&post=23136"}],"version-history":[{"count":1,"href":"http:\/\/www.lanuevaopcion.cl\/index.php?rest_route=\/wp\/v2\/posts\/23136\/revisions"}],"predecessor-version":[{"id":23137,"href":"http:\/\/www.lanuevaopcion.cl\/index.php?rest_route=\/wp\/v2\/posts\/23136\/revisions\/23137"}],"wp:attachment":[{"href":"http:\/\/www.lanuevaopcion.cl\/index.php?rest_route=%2Fwp%2Fv2%2Fmedia&parent=23136"}],"wp:term":[{"taxonomy":"category","embeddable":true,"href":"http:\/\/www.lanuevaopcion.cl\/index.php?rest_route=%2Fwp%2Fv2%2Fcategories&post=23136"},{"taxonomy":"post_tag","embeddable":true,"href":"http:\/\/www.lanuevaopcion.cl\/index.php?rest_route=%2Fwp%2Fv2%2Ftags&post=23136"}],"curies":[{"name":"wp","href":"https:\/\/api.w.org\/{rel}","templated":true}]}}