{"id":23132,"date":"2016-12-19T12:13:48","date_gmt":"2016-12-19T12:13:48","guid":{"rendered":"http:\/\/www.lanuevaopcion.cl\/?p=23132"},"modified":"2016-12-19T12:13:48","modified_gmt":"2016-12-19T12:13:48","slug":"vocero-de-noafp-proyecta-el-2017-si-no-hay-solucion-vendra-la-desobediencia-civil%e2%80%9d","status":"publish","type":"post","link":"http:\/\/www.lanuevaopcion.cl\/?p=23132","title":{"rendered":"Vocero de No+AFP proyecta el 2017: Si no hay soluci\u00f3n vendr\u00e1 \u00abla desobediencia civil\u201d"},"content":{"rendered":"<p><img loading=\"lazy\" decoding=\"async\"  alt=\"\" src=\"http:\/\/www.lanacion.cl\/noticias\/site\/artic\/20161214\/imag\/foto_0000000520161214194608.jpg\" class=\"alignleft\" width=\"380\" height=\"180\" \/ class=\"alignleft\" style=\"margin-right:15px;margin-bottom:10px;float:left;\" >Luis Mesina (60) no pasa inadvertido cuando camina por la ciudad. Algunas personas lo paran para agradecerle por lo que hace, al poner de relieve la problem\u00e1tica de las pensiones y pedir que se avance en un sistema de seguridad social, lo que le resulta \u201creconfortante\u201d, admite. Pero tambi\u00e9n hay quienes lo insultan. En Santiago un individuo le lanz\u00f3 una \u201cpachotada\u201d y otro lo emplaz\u00f3 por el Fondo E. \u201cNo soy de los que coloca la otra mejilla. Si alguien me insulta, yo respondo, porque tengo mis manos limpias. A m\u00ed nadie me puede decir vendido\u201d, remarca.<br \/>\n<!--more--><br \/>\nEste profesor de Ciencias Sociales, casado, padre de dos hijos, y \u00f1u\u00f1o\u00edno de coraz\u00f3n (ha vivido casi toda su vida en la Villa Frei), adquiri\u00f3 notoriedad en los \u00faltimos meses  tras la primera marcha masiva que organiz\u00f3 la Coordinadora No+AFP, movimiento del cual es vocero, el 24 de julio pasado. Esta manifestaci\u00f3n multitudinaria, en Santiago y regiones, super\u00f3 todas las expectativas de los organizadores.<\/p>\n<p>Aunque el movimiento hab\u00eda surgido en 2008, este a\u00f1o se reactiv\u00f3 a causa de la pensi\u00f3n de m\u00e1s de cinco millones de pesos con que jubil\u00f3 la periodista Myriam Olate, ex esposa del presidente de la C\u00e1mara de Diputados, Osvaldo Andrade.<\/p>\n<p>Tres han sido las marchas a las que han convocado logrando que el sistema  de capitalizaci\u00f3n individual fuera tema de debate en la TV \u2013Jos\u00e9 Pi\u00f1era, considerado el padre de las AFP defendi\u00f3 las administradoras en \u201cAhora Noticias\u201d, de Mega, y \u201cEl Informante\u201d, de TVN- y que la Presidenta Bachelet, en cadena nacional, propusiera el 9 de agosto pasado una serie de medidas que prometen mejorar el cuestionado sistema a corto y largo plazo.<\/p>\n<p>Mesina, quien tambi\u00e9n representa a la Confederaci\u00f3n de Sindicatos Bancarios de Chile (trabaja en el Banco Santander), sin embargo, no est\u00e1 conforme y proyecta que a partir de marzo de 2017 el movimiento que encabeza llamar\u00e1 a salir a la calle con m\u00e1s fuerza para lograr soluciones concretas.<\/p>\n<p> DEMAGOGIA DE LOS CANDIDATOS<\/p>\n<p>&#8211; \u00bfC\u00f3mo ha sido el 2016 para el movimiento que usted lidera?<\/p>\n<p>&#8211; Ha sido un a\u00f1o bastante intenso. Lo importante fue que despu\u00e9s del 24 de julio la problem\u00e1tica se instal\u00f3 muy fuerte en el pa\u00eds, ocupando pr\u00e1cticamente toda la agenda p\u00fablica y noticiosa. El tema sigue presente y emerger\u00e1 como parte del debate de la pol\u00edtica p\u00fablica el 2017, que es un a\u00f1o electoral. Esto tiene varios riesgos. Uno de ellos es que surja la demagogia entre los candidatos y prometan de todo, no cumpliendo absolutamente nada. Por otro lado, existe la confianza de que, es tal el nivel  de adhesi\u00f3n que tiene este movimiento, que quien prometa y no cumpla se enfrentar\u00e1 a grandes movilizaciones.<\/p>\n<p>Y a\u00f1ade: \u201cEl gobierno que llegue al poder sobre la base de haber prometido mucho en esta materia y no cumpla creo que tiene los d\u00edas contados. Como movimiento deber\u00edamos acordar que si no cumple lo haremos caer antes; para que no se siga creyendo en el mito de que es posible seguir vendiendo en el exterior (multinacionales que hacen inversiones en el extranjero) a costa de nosotros los chilenos\u201d.<\/p>\n<p>&#8211; Algunos precandidatos como Ricardo Lagos han realizado propuestas. \u00bfQu\u00e9 le parece lo planteado por el ex Mandatario que sostuvo que el 5% de cotizaci\u00f3n adicional planteado para mejorar las pensiones debe ser administrado por un organismo estatal?<\/p>\n<p>&#8211;   Es una propuesta que converge hacia lo que demandamos en seguridad social. Con esto no quiero decir que seamos partidarios de Lagos; lo que se\u00f1alamos es que necesitamos que todos ayuden a levantar nuestra demanda que es no m\u00e1s AFP, porque en el marco de las Administradoras no hay posibilidad de resolverlo. Han pasado cinco meses y lo \u00fanico que he escuchado son descalificaciones de parte de los due\u00f1os de estas entidades. Rodrigo P\u00e9rez Mackenna dej\u00f3 la Asociaci\u00f3n de AFP y fue incapaz de hacer una propuesta novedosa. Nosotros la hicimos, la presentamos p\u00fablicamente y (hasta la fecha) no han podido criticarla. Podr\u00edan haber dicho que era insostenible, inviable, pero no  lo hicieron. Muchos me han acusado de ser arrogante, soberbio, pero tenemos la soluci\u00f3n. No nos han podido atacar diciendo que nuestra propuesta no tiene sustento financiero: rebajar\u00eda el gasto p\u00fablico el pr\u00f3ximo a\u00f1o casi en un punto. El discurso del ministro de Hacienda (Rodrigo Vald\u00e9s) deber\u00eda responder a eso.<\/p>\n<p>&#8211; Con las tres marchas que han realizado y las propuestas que han sociabilizado, \u00bfqu\u00e9 es lo m\u00e1s relevante que han logrado?<\/p>\n<p>&#8211;  Lo \u00fanico que hemos logrado es que el tema se instal\u00f3. Esto es mucho en un pa\u00eds donde el sofisma que existe es que tenemos el mejor crecimiento, el mejor desarrollo, las cuentas fiscales en orden, lo que es un mito. Por fin, despu\u00e9s de 25 a\u00f1os, se desnud\u00f3 un modelo que hab\u00eda sido impulsado con propaganda, que era enga\u00f1oso para la gente y que esta no se atrev\u00eda a cuestionar.<\/p>\n<p>&#8211;  \u00bfQu\u00e9 respuesta de las autoridades, respecto a lo que ustedes exigen, los habr\u00eda dejado m\u00e1s satisfechos?<\/p>\n<p>&#8211;   Nos sentiremos satisfechos cuando efectivamente exista un proyecto de ley  que diga a partir de tal fecha se instala en este pa\u00eds un sistema p\u00fablico de pensiones. Deber\u00eda dejarnos contentos si se aceptara, por parte del Senado y la C\u00e1mara de Diputados, la propuesta que presentaremos en los pr\u00f3ximos d\u00edas.<\/p>\n<p> &#8211; Ustedes han realizado llamados a los cotizantes a cambiarse al Fondo E y tambi\u00e9n a salirse de las AFP Cuprum y Provida. \u00bfC\u00f3mo les ha ido con estas convocatorias?<\/p>\n<p>&#8211;  Desde que lanzamos la campa\u00f1a casi 500 mil personas se han cambiado al Fondo E. Y cerca de 70 mil han abandonado Provida.  Setenta mil entre un mill\u00f3n y medio es poco, pero es harto en un pa\u00eds donde no hay costumbre de seguir campa\u00f1as.<\/p>\n<p>El s\u00e1bado pasado la Coordinadora present\u00f3 una acci\u00f3n judicial contras las AFP por las p\u00e9rdidas que registr\u00f3 el Fondo E durante el mes de noviembre.<\/p>\n<p>MOVILIZACI\u00d3N EN LAS CALLES<\/p>\n<p>&#8211; \u00bfC\u00f3mo visualizan el 2017 en t\u00e9rmino de movilizaciones?<\/p>\n<p>&#8211;  Si el pr\u00f3ximo a\u00f1o no hay respuesta para nuestra propuesta lanzaremos la campa\u00f1a de movilizaci\u00f3n a las calles. Hace algunos d\u00edas estuve en un congreso en Temuco y me di cuenta de que la gente est\u00e1 dispuesta a hacerlo. Tenemos que empezar a decir cosas m\u00e1s duras y esto va a ocurrir pronto.  No podemos continuar indiferentes a la indolencia de un Estado. Hay que llamar a las personas, derechamente, a la desobediencia civil.<\/p>\n<p>&#8211; \u00bfA qu\u00e9 apuntar\u00e1n con esta ofensiva?<\/p>\n<p>&#8211; A que estas entidades putrefactas del Estado finalmente caigan. La Presidenta dice que hay que dialogar, pero qu\u00e9 entiende ella por di\u00e1logo. Hicimos una propuesta, nadie lo hab\u00eda hecho en 36 a\u00f1os. Y nos cost\u00f3, porque nos negaron toda la informaci\u00f3n. Nuestra propuesta, que se puede encontrar en la p\u00e1gina web (de la Coordinadora) es viable.<\/p>\n<p>&#8211;  \u00bfLe pedir\u00e1n audiencia a Bachelet?<\/p>\n<p>&#8211;  Nos juntamos el 31 de agosto pasado, pero no hemos vuelto a reunirnos. Claro que le pediremos una nueva audiencia (la solicitaron formalmente el jueves pasado).<\/p>\n<p>&#8211;  Cuando los candidatos presidenciales est\u00e9n ya definidos, \u00bfse juntar\u00e1n con ellos?<\/p>\n<p>&#8211; El 14 de enero la Coordinadora se reunir\u00e1 en un congreso nacional y se delinear\u00e1n los pasos a seguir.<\/p>\n<p>&#8211;  \u00bfAlg\u00fan precandidato los convence en el sentido de que podr\u00eda responder a sus demandas?<\/p>\n<p>&#8211;  La v\u00eda electoral es una de las estrategias (para lograr una soluci\u00f3n), pero ahora la gente no quiere nada con la pol\u00edtica y por eso debemos discutir qu\u00e9 vamos a hacer. Lo que s\u00ed coincidimos en que los precandidatos \u2013menciona a Pi\u00f1era, Lagos, Insulza, Guillier, MEO- no nos representan.<\/p>\n<p>&#8211; Si al correr de los pr\u00f3ximos meses se dan cuenta que no est\u00e1n logrando el objetivo, \u00bfpodr\u00eda ocurrir que la organizaci\u00f3n pierda fuerza as\u00ed como le ocurri\u00f3 al movimiento estudiantil?<\/p>\n<p>&#8211; Tenemos una mirada de largo plazo, pero no s\u00e9 si tanto como eso. Hemos dise\u00f1ado varias estrategias para que no suceda (lo mismo que con la movilizaci\u00f3n estudiantil). Pr\u00f3ximamente comenzaremos con un plan de difusi\u00f3n (respecto a lo que buscan), ocuparemos los espacios p\u00fablicos, instalaremos toldos para discutir con la gente. El nuestro es un movimiento con pocos recursos y todo esto implica gasto.<\/p>\n<p>&#8211;  \u00bfC\u00f3mo se financian?<\/p>\n<p>&#8211; Hacemos campa\u00f1as, tenemos el aporte de los sindicatos. Estamos bien cohesionados con todos los matices que hay en este movimiento que integran la Confusam, Frenpruss, los bancarios, el sindicato del comercio de Santiago y muchas asociaciones del sector p\u00fablico.  Se incorparar\u00e1 tambi\u00e9n el Colegio de Profesores, que es un gremio importante.<\/p>\n<p>&#8211; \u00bfQu\u00e9 tendencia pol\u00edtica impera en el grupo?<\/p>\n<p>&#8211; La izquierda anti duopolio. Abominamos el PS, le tenemos bronca a la DC. No nos hemos reunido con ning\u00fan parlamentario, ni oficialistas ni de oposici\u00f3n. Me mandan whatsapp para conocer nuestra propuesta. De la derecha me han llamado varios (legisladores).<\/p>\n<p>&#8211; El no reunirse con parlamentarios, no importando el partido a que pertenezcan, podr\u00eda pasarles la cuenta.<\/p>\n<p> &#8211;  Puede ser, pero es muy contundente el porcentaje de gente (del movimiento) que dice que no. A los congresistas hay que medirlos por lo que hacen. Yo los veo como votan\u2026\u00bfpor qu\u00e9 no pueden renunciar si ven un acto corrupto? Uno sabe que si se sienta con estos tipos no van a hacer nada. Lo que ellos quieren es tratar de coaptar a los dirigentes.<\/p>\n<p>&#8211; A prop\u00f3sito, \u00bfha pensado en hacer una carrera pol\u00edtica?<\/p>\n<p>&#8211; Me lo han preguntado harto por las redes sociales. No soy de los que a priori cree que hay que desechar alguna estrategia. Claro que algunos podr\u00edan pensar que este se\u00f1or tiene una carta bajo la manga y est\u00e1 esperando (el momento oportuno) para lanzar su candidatura y no es as\u00ed.<\/p>\n<p> EJES DE LA PROPUESTA DE LA COORDINADORA<\/p>\n<p>El modelo que proponemos es un nuevo sistema, de reparto, solidario y con fi\u00adnanciamiento tripartito de trabajadores, empresas y Estado, basado en los princi\u00adpios de la Seguridad Social generalmente aceptados que reemplazar\u00e1 el sistema de capitalizaci\u00f3n individual de las AFP, y contempla un periodo de transici\u00f3n.<\/p>\n<p>Los sistemas de reparto son sistemas de previsi\u00f3n social basados en la solidaridad entre generaciones, se trata del traspaso de parte de la riqueza actual que los pensionados contribuyeron a crear, desde las presentes generaciones activas a los pasivos, con el objeto b\u00e1sico de mantener continuidad del poder adquisitivo del pensionado, respecto a su situaci\u00f3n cuando era trabajador activo, con pensiones definidas en relaci\u00f3n con los a\u00f1os de cotizaci\u00f3n y las remuneraciones que el traba\u00adjador cotizante ten\u00eda en su vida activa.<\/p>\n<p>Un sistema financiero de reparto, Se financia colectivamente, bajo el principio de la solidaridad intergeneracional, vale decir, las cotizaciones de los activos se destinan a pagar las pensiones de quienes se han jubilado (pasivos).<\/p>\n<p>Es importante destacar que el sistema de reparto que aqu\u00ed se presenta ofrece certeza de obligaciones (montos y a\u00f1os de cotizaciones) en relaci\u00f3n con los dere\u00adchos (ingresos que recibir\u00e1 el trabajador pensionado).<\/p>\n<p>Las contribuciones contempladas de trabajadores y empresas, as\u00ed como el apor\u00adte del Estado contemplan un periodo de transici\u00f3n para aliviar cualquier impacto inicial indeseado al mercado de trabajo o a las empresas.<\/p>\n<p>Actualmente, en el sistema de AFP las cotizaciones suman entre 11,82% y 12,95%, en el que se considera lo que cotizan los afiliados, las empresas y las comisiones que cobran las AFP.<\/p>\n<p>Nuestra propuesta es aumentar gradualmente el aporte de los empresarios has\u00adta el 9% en 2024, fecha en la que la cotizaci\u00f3n del trabajador tambi\u00e9n quedar\u00e1 en 9%. De esta manera el aporte contributivo porcentual total ser\u00e1 del 18% sobre los ingresos imponibles. En cuanto al aporte no contributivo, est\u00e1 dado por los aportes del Estado desde el presupuesto de la naci\u00f3n basados en los tributos generales.<\/p>\n<p>\u25ba Fondo de Reserva T\u00e9cnica.<\/p>\n<p>El super\u00e1vit de ingresos respecto a gastos en el sistema se destinar\u00e1 al Fondo de Reserva T\u00e9cnica de Pensiones.<\/p>\n<p>La base inicial del Fondo de Reserva T\u00e9cnica Pensiones del nuevo sistema previ\u00adsional ser\u00e1 el Fondo de Reserva de Pensiones (FRP) existente.<\/p>\n<p>\u25ba Respeto por los derechos adquiridos y certeza de ingresos.<\/p>\n<p>Esta propuesta respeta todos los derechos adquiridos por los trabajadores. La edad para pensionarse por vejez se establece en 60 a\u00f1os para las mujeres y 65 para los hombres.<\/p>\n<p>\u25ba No se expropiar\u00e1n las cuentas de capitalizaci\u00f3n individual.<\/p>\n<p>Se respetar\u00e1 plenamente la propiedad que tienen los trabajadores que han co\u00adtizado sobre sus ahorros previsionales, que conservar\u00e1n los ahorros acumulados en sus cuentas hasta el momento de incorporarse al nuevo sistema de reparto, m\u00e1s las utilidades por intereses producidas hasta el momento de pensionarse, pero el nuevo sistema completar\u00e1 los montos de las pensiones hasta alcanzar el monto previsional superior correspondiente.<\/p>\n<p>\u25ba Subsidio solidario a las mujeres cotizantes. <\/p>\n<p>El nuevo sistema de previsi\u00f3n social subsidiar\u00e1 a las mujeres debido a su mayor carga en labores dom\u00e9sticas y de cuidado y discriminaci\u00f3n salarial en el mundo del trabajo. Para calcular la pensi\u00f3n contributiva resultante, se bonificar\u00e1 a las mu\u00adjeres con 5 a\u00f1os en total.<\/p>\n<p>\u25ba Trabajadores que ya est\u00e1n pensionados.<\/p>\n<p>Los trabajadores que ya est\u00e1n pensionados ver\u00e1n reajustadas sus pensiones de acuerdo con los criterios del nuevo sistema.<\/p>\n<p>\u25ba Pensi\u00f3n M\u00ednima Contributiva <\/p>\n<p>Para los trabajadores que cotizan en el sistema previsional se garantizan pensio\u00adnes m\u00ednimas dependiendo de los a\u00f1os de cotizaci\u00f3n, con una tasa de reemplazo que aumenta con los a\u00f1os de cotizaci\u00f3n.<\/p>\n<p>\u25ba Pensi\u00f3n Universal No Contributiva <\/p>\n<p>El sistema de previsi\u00f3n social garantizar\u00e1 una pensi\u00f3n universal del 100% del Sala\u00adrio M\u00ednimo, independiente del monto y tiempo de las cotizaciones.<\/p>\n<p>\u25ba Trabajadores Independientes.<\/p>\n<p>En los c\u00e1lculos del sistema se ha considerado a los trabajadores independientes, como no cotizantes, y por ende con derecho a la Pensi\u00f3n Universal al alcanzar la edad de pensionarse. Sin embargo, consideramos que estos trabajadores deber\u00e1n cotizar para poder acceder a una mejor pensi\u00f3n. Para ello se propone que los tra\u00adbajadores independientes cotizen el 9% de sus boletas de honorarios. El contratan\u00adte del servicio tendr\u00e1 la obligaci\u00f3n previsional de cotizar el 9% adicional.<\/p>\n<p>\u25ba Impacto sobre el Gasto P\u00fablico.<\/p>\n<p>Esta propuesta redirecciona el gasto previsional que hoy hace el Estado, y que se orientan entre otros aspectos, a subsidiar las falencias del sistema de AFP.<\/p>\n<p>En nuestra propuesta, habr\u00e1 un aumento paulatino del gasto p\u00fablico desde 3.07% el a\u00f1o 2017, y reci\u00e9n a fines del siglo XXI, bordear\u00e1 9% como porcentaje del PIB, cuando la mayor\u00eda de los pa\u00edses de la OCDE habr\u00e1n superado en promedio el 10%.<\/p>\n<p>\u25ba Medidas transitorias para evitar posibles impactos iniciales negativos.<\/p>\n<p>Respecto al mejoramiento de las pensiones actuales hemos considerado un pe\u00adriodo gradual de cinco a\u00f1os para su aumento.<\/p>\n<p>El aporte del Estado para el gasto para el Fondo de Reserva del nuevo sistema de pensiones ir\u00e1 aumentando gradualmente en 0,15% anual, hasta alcanzar el a\u00f1o 2033 el 3% del PIB y se mantendr\u00e1 en este guarismo hasta el a\u00f1o 2100.<\/p>\n<p>Las MIPYME, tendr\u00e1n un periodo adicional de gradualidad de cinco a\u00f1os en el aumento del porcentaje de aporte de las empresas. De esta manera en estos ca\u00adsos el aporte empresarial del 9% se completar\u00e1 en 2029.<\/p>\n<p>\u25ba Propuesta institucional.<\/p>\n<p>Proponemos la constituci\u00f3n de una instituci\u00f3n administradora de derecho p\u00fabli\u00adco de la Seguridad y Previsi\u00f3n Social, aut\u00f3noma de otras instituciones del Estado y del gobierno de turno, sin fines de lucro, con individualidad jur\u00eddica, financiera, contable y administrativa.<br \/>\nhttp:\/\/www.lanacion.cl\/noticias\/reportajes\/entrevista\/vocero-de-no-afp-proyecta-el-2017-si-no-hay-solucion-vendra-la\/2016-12-14\/194608.html<br \/>\nFUENTE. LA NACION.CL<\/p>\n","protected":false},"excerpt":{"rendered":"<p>Luis Mesina (60) no pasa inadvertido cuando camina por la ciudad. Algunas personas lo paran para agradecerle por lo que hace, al poner de relieve la problem\u00e1tica de las pensiones y pedir que se avance en un sistema de seguridad social, lo que le resulta \u201creconfortante\u201d, admite. Pero tambi\u00e9n hay quienes lo insultan. En Santiago [&hellip;]<\/p>\n","protected":false},"author":51,"featured_media":0,"comment_status":"open","ping_status":"open","sticky":false,"template":"","format":"standard","meta":{"footnotes":""},"categories":[1],"tags":[201,200],"class_list":["post-23132","post","type-post","status-publish","format-standard","hentry","category-uncategorized","tag-entrevista","tag-reportajes"],"_links":{"self":[{"href":"http:\/\/www.lanuevaopcion.cl\/index.php?rest_route=\/wp\/v2\/posts\/23132","targetHints":{"allow":["GET"]}}],"collection":[{"href":"http:\/\/www.lanuevaopcion.cl\/index.php?rest_route=\/wp\/v2\/posts"}],"about":[{"href":"http:\/\/www.lanuevaopcion.cl\/index.php?rest_route=\/wp\/v2\/types\/post"}],"author":[{"embeddable":true,"href":"http:\/\/www.lanuevaopcion.cl\/index.php?rest_route=\/wp\/v2\/users\/51"}],"replies":[{"embeddable":true,"href":"http:\/\/www.lanuevaopcion.cl\/index.php?rest_route=%2Fwp%2Fv2%2Fcomments&post=23132"}],"version-history":[{"count":1,"href":"http:\/\/www.lanuevaopcion.cl\/index.php?rest_route=\/wp\/v2\/posts\/23132\/revisions"}],"predecessor-version":[{"id":23133,"href":"http:\/\/www.lanuevaopcion.cl\/index.php?rest_route=\/wp\/v2\/posts\/23132\/revisions\/23133"}],"wp:attachment":[{"href":"http:\/\/www.lanuevaopcion.cl\/index.php?rest_route=%2Fwp%2Fv2%2Fmedia&parent=23132"}],"wp:term":[{"taxonomy":"category","embeddable":true,"href":"http:\/\/www.lanuevaopcion.cl\/index.php?rest_route=%2Fwp%2Fv2%2Fcategories&post=23132"},{"taxonomy":"post_tag","embeddable":true,"href":"http:\/\/www.lanuevaopcion.cl\/index.php?rest_route=%2Fwp%2Fv2%2Ftags&post=23132"}],"curies":[{"name":"wp","href":"https:\/\/api.w.org\/{rel}","templated":true}]}}