{"id":23130,"date":"2016-12-18T20:15:10","date_gmt":"2016-12-18T20:15:10","guid":{"rendered":"http:\/\/www.lanuevaopcion.cl\/?p=23130"},"modified":"2016-12-18T20:15:10","modified_gmt":"2016-12-18T20:15:10","slug":"gobierno-anuncia-que-ley-de-migraciones-se-despachara-en-las-proximas-semanas","status":"publish","type":"post","link":"http:\/\/www.lanuevaopcion.cl\/?p=23130","title":{"rendered":"Gobierno anuncia que Ley de Migraciones se despachar\u00e1 en las pr\u00f3ximas semanas"},"content":{"rendered":"<p><img loading=\"lazy\" decoding=\"async\"  alt=\"\" src=\"http:\/\/www.lanacion.cl\/noticias\/site\/artic\/20161218\/imag\/foto_0000000520161218162736.jpg\" class=\"alignleft\" width=\"380\" height=\"180\" \/ class=\"alignleft\" style=\"margin-right:15px;margin-bottom:10px;float:left;\" >En medio del Di\u00e1logo Multicultural con familias extranjeras residentes en la comuna de Recoleta por la celebraci\u00f3n del D\u00eda Internacional del Migrante, la ministra secretaria general de Gobierno, Paula Narv\u00e1ez, anunci\u00f3 que en las pr\u00f3ximas semanas el Ejecutivo despachar\u00e1 el nuevo proyecto de Ley de Migraciones. <\/p>\n<p>La vocera de Gobierno asegur\u00f3 que Chile acoge a los inmigrantes \u201ccon oportunidades sabiendo que tenemos el tremendo desaf\u00edo de poder construir las condiciones de vida que se basan en una mirada de derechos humanos para todos y todas\u201d.<br \/>\n<!--more--><br \/>\n\u201cHoy d\u00eda en Chile existen las capacidades tanto legales y judiciales, como pol\u00edticas y administrativas para tratar el fen\u00f3meno de la migraci\u00f3n\u201d, remarc\u00f3. <\/p>\n<p>\u201cDicho eso, todos sabemos que en los \u00faltimos a\u00f1os se ha dado una tendencia de una mayor cantidad de flujo de migrantes, y por lo tanto el pa\u00eds se encuentra enfrentado al desaf\u00edo de adecuaci\u00f3n de su normativa vigente, que ya es muy antigua\u201d, agreg\u00f3. <\/p>\n<p>En ese sentido, enfatiz\u00f3 que \u00abtenemos el desaf\u00edo de ingresar un proyecto de ley al Parlamento en las pr\u00f3ximas semanas que vaya a hacerse cargo de las distintas dimensiones que est\u00e1n presentes en este fen\u00f3meno\u00bb. <\/p>\n<p>Previamente el Gobierno hab\u00eda anunciado que el proyecto de ley ser\u00eda ingresado al Congreso dentro del primer semestre del 2017, sin embargo, ahora se precis\u00f3 que ser\u00e1 despachado antes de que comiencen las vacaciones del periodo parlamentario. <\/p>\n<p>En este encuentro, celebrado en el Jard\u00edn Infantil Arco\u00edris, tambi\u00e9n participaron los secretarios de Estado de Salud, Carmen Castillo; Cultura, Ernesto Ottone; Trabajo, Alejandra Krauss; y las directoras ejecutiva y regional de Fundaci\u00f3n Integra, Oriele Rossel e Isabel Oyarz\u00fan. <\/p>\n<p>Ottone manifest\u00f3 que \u201ca partir de la gastronom\u00eda, idioma y m\u00fasica logramos hacer entender que el tema que se est\u00e1 debatiendo actualmente puede llegar a ser falaz cuando vemos que a trav\u00e9s de la cultura hemos tenido una instancia de acercamiento con todos los migrantes que hemos tenido en Chile\u201d. <\/p>\n<p>Asimismo, a trav\u00e9s de su cuenta oficial de Twitter, la Presidenta Bachelet envi\u00f3 un \u201ccari\u00f1oso saludos a los 900 mil chilenos viviendo en el exterior y m\u00e1s de 400 mil extranjeros en Chile\u201d.<br \/>\nhttp:\/\/www.lanacion.cl\/noticias\/pais\/gobierno\/gobierno-anuncia-que-ley-de-migraciones-se-despachara-en-las-proximas\/2016-12-18\/162736.html<br \/>\nFUENTE. LA NACION.CL<\/p>\n","protected":false},"excerpt":{"rendered":"<p>En medio del Di\u00e1logo Multicultural con familias extranjeras residentes en la comuna de Recoleta por la celebraci\u00f3n del D\u00eda Internacional del Migrante, la ministra secretaria general de Gobierno, Paula Narv\u00e1ez, anunci\u00f3 que en las pr\u00f3ximas semanas el Ejecutivo despachar\u00e1 el nuevo proyecto de Ley de Migraciones. La vocera de Gobierno asegur\u00f3 que Chile acoge a [&hellip;]<\/p>\n","protected":false},"author":51,"featured_media":0,"comment_status":"open","ping_status":"open","sticky":false,"template":"","format":"standard","meta":{"footnotes":""},"categories":[1],"tags":[165,93],"class_list":["post-23130","post","type-post","status-publish","format-standard","hentry","category-uncategorized","tag-gobierno","tag-pais"],"_links":{"self":[{"href":"http:\/\/www.lanuevaopcion.cl\/index.php?rest_route=\/wp\/v2\/posts\/23130","targetHints":{"allow":["GET"]}}],"collection":[{"href":"http:\/\/www.lanuevaopcion.cl\/index.php?rest_route=\/wp\/v2\/posts"}],"about":[{"href":"http:\/\/www.lanuevaopcion.cl\/index.php?rest_route=\/wp\/v2\/types\/post"}],"author":[{"embeddable":true,"href":"http:\/\/www.lanuevaopcion.cl\/index.php?rest_route=\/wp\/v2\/users\/51"}],"replies":[{"embeddable":true,"href":"http:\/\/www.lanuevaopcion.cl\/index.php?rest_route=%2Fwp%2Fv2%2Fcomments&post=23130"}],"version-history":[{"count":1,"href":"http:\/\/www.lanuevaopcion.cl\/index.php?rest_route=\/wp\/v2\/posts\/23130\/revisions"}],"predecessor-version":[{"id":23131,"href":"http:\/\/www.lanuevaopcion.cl\/index.php?rest_route=\/wp\/v2\/posts\/23130\/revisions\/23131"}],"wp:attachment":[{"href":"http:\/\/www.lanuevaopcion.cl\/index.php?rest_route=%2Fwp%2Fv2%2Fmedia&parent=23130"}],"wp:term":[{"taxonomy":"category","embeddable":true,"href":"http:\/\/www.lanuevaopcion.cl\/index.php?rest_route=%2Fwp%2Fv2%2Fcategories&post=23130"},{"taxonomy":"post_tag","embeddable":true,"href":"http:\/\/www.lanuevaopcion.cl\/index.php?rest_route=%2Fwp%2Fv2%2Ftags&post=23130"}],"curies":[{"name":"wp","href":"https:\/\/api.w.org\/{rel}","templated":true}]}}