{"id":23128,"date":"2016-12-17T13:01:23","date_gmt":"2016-12-17T13:01:23","guid":{"rendered":"http:\/\/www.lanuevaopcion.cl\/?p=23128"},"modified":"2016-12-17T13:01:23","modified_gmt":"2016-12-17T13:01:23","slug":"ossandon-%e2%80%9cpinera-se-va-a-bajar-cuando-vea-que-no-esta-seguro-de-ganar%e2%80%9d","status":"publish","type":"post","link":"http:\/\/www.lanuevaopcion.cl\/?p=23128","title":{"rendered":"Ossand\u00f3n: \u201cPi\u00f1era se va a bajar cuando vea que no est\u00e1 seguro de ganar\u201d"},"content":{"rendered":"<p><img loading=\"lazy\" decoding=\"async\"  alt=\"\" src=\"http:\/\/www.lanacion.cl\/noticias\/site\/artic\/20161216\/imag\/foto_0000000520161216193636.jpg\" class=\"alignleft\" width=\"380\" height=\"180\" \/ class=\"alignleft\" style=\"margin-right:15px;margin-bottom:10px;float:left;\" >El senador independiente Manuel Jos\u00e9 Ossand\u00f3n asegur\u00f3 este viernes que Sebasti\u00e1n Pi\u00f1era no seguir\u00e1 participando de la carrera presidencial \u201ccuando vea que no est\u00e1 seguro de ganar\u201d.<br \/>\n<!--more--><br \/>\nEl ex alcalde de Puente Alto recalc\u00f3 a radio B\u00edo B\u00edo que sigue firme en su camino hacia La Moneda y dijo estar confiado en quedarse con las primarias de Chile Vamos tras recolectar 40 mil firmas -que deben ser validadas- para poder participar del proceso y \u201cpara que no me jugaran la fea\u201d.<\/p>\n<p>En ese sentido, cree que sus contendores dentro de la oposici\u00f3n ser\u00e1n Pi\u00f1era y el diputado de Felipe Kast (Ev\u00f3poli). \u201cYo quiero ganar en la cancha y representar a un sector\u201d, asever\u00f3.<\/p>\n<p>Sobre el ex Mandatario y sus v\u00ednculos con la pesquera peruana Exalmar en medio del conflicto en La Haya, Ossand\u00f3n sostuvo que \u201cla relaci\u00f3n del dinero y los negocios con la pol\u00edtica son fatales, y \u00e9l tiene que dar todas las explicaciones\u201d.<\/p>\n<p>De todas formas, coment\u00f3 que \u201ctodo el mundo cree que Pi\u00f1era se va a bajar porque le pueden sacar cosas. Yo creo que \u00e9l es muy incombustible a esas cosas. Yo creo que \u00e9l se va a bajar cuando vea que no est\u00e1 seguro de ganar. Y yo estoy seguro que Guillier lo va a ganar\u2026 Y yo lo puedo ganar en primera\u201d.<\/p>\n<p>\u201cYo creo que le va a influir cuando se d\u00e9 cuenta que, por ejemplo, en la \u00faltima encuesta en la Regi\u00f3n Metropolitana, en la evaluaci\u00f3n positiva yo marco 50 y el 34. En atributos, yo le gano en casi todas y Guillier le gana en todas\u201d, agreg\u00f3.<\/p>\n<p>Asimismo, Ossand\u00f3n sostuvo que Pi\u00f1era \u201ctiene miedo a los debates\u201d y que \u201cla gente va a tener una decisi\u00f3n entre la antigua y la nueva pol\u00edtica\u201d.<\/p>\n<p>su diferencia con felipe kast<\/p>\n<p>Sobre Felipe Kast, el senador independiente afirm\u00f3 que \u201cdeber\u00eda diferenciarse  y no s\u00f3lo pegarle a uno, porque lo \u00fanico que hace es atacarme a m\u00ed y alabar a Pi\u00f1era\u201d.<\/p>\n<p>Adem\u00e1s, afirm\u00f3 que su principal diferencia con el l\u00edder de Ev\u00f3poli es que \u201cyo tengo independencia absoluta de los poderes econ\u00f3micos, que \u00e9l no tiene, y del presidente Pi\u00f1era\u201d. \u201cTendr\u00e1 que demostrar que es un candidato de verdad y no instrumental\u201d, concluy\u00f3.<\/p>\n<p>LAGOS VS. GUILLIER<\/p>\n<p>Respecto de las declaraciones cruzadas que se han producido en los \u00faltimos d\u00edas entre los precandidatos oficialistas Ricardo Lagos y Alejandro Guillier, Ossand\u00f3n vaticin\u00f3 que \u201cvan a terminar mal\u201d.<\/p>\n<p>Adem\u00e1s, analiz\u00f3 dicha disputa que existe dentro de la Nueva Mayor\u00eda. \u201cLos dirigentes, la elite, quieren a Lagos, pero se han dado cuenta que no prende y le han dado soga a Guillier\u2026 y le ha ido bien\u201d, opin\u00f3.<br \/>\nhttp:\/\/www.lanacion.cl\/noticias\/pais\/politica\/ossandon-pinera-se-va-a-bajar-cuando-vea-que-no-esta-seguro-de\/2016-12-16\/193636.html<br \/>\nFUENTE. LA NACION.CL<\/p>\n","protected":false},"excerpt":{"rendered":"<p>El senador independiente Manuel Jos\u00e9 Ossand\u00f3n asegur\u00f3 este viernes que Sebasti\u00e1n Pi\u00f1era no seguir\u00e1 participando de la carrera presidencial \u201ccuando vea que no est\u00e1 seguro de ganar\u201d.<\/p>\n","protected":false},"author":51,"featured_media":0,"comment_status":"open","ping_status":"open","sticky":false,"template":"","format":"standard","meta":{"footnotes":""},"categories":[1],"tags":[93,1628],"class_list":["post-23128","post","type-post","status-publish","format-standard","hentry","category-uncategorized","tag-pais","tag-uncategorized"],"_links":{"self":[{"href":"http:\/\/www.lanuevaopcion.cl\/index.php?rest_route=\/wp\/v2\/posts\/23128","targetHints":{"allow":["GET"]}}],"collection":[{"href":"http:\/\/www.lanuevaopcion.cl\/index.php?rest_route=\/wp\/v2\/posts"}],"about":[{"href":"http:\/\/www.lanuevaopcion.cl\/index.php?rest_route=\/wp\/v2\/types\/post"}],"author":[{"embeddable":true,"href":"http:\/\/www.lanuevaopcion.cl\/index.php?rest_route=\/wp\/v2\/users\/51"}],"replies":[{"embeddable":true,"href":"http:\/\/www.lanuevaopcion.cl\/index.php?rest_route=%2Fwp%2Fv2%2Fcomments&post=23128"}],"version-history":[{"count":1,"href":"http:\/\/www.lanuevaopcion.cl\/index.php?rest_route=\/wp\/v2\/posts\/23128\/revisions"}],"predecessor-version":[{"id":23129,"href":"http:\/\/www.lanuevaopcion.cl\/index.php?rest_route=\/wp\/v2\/posts\/23128\/revisions\/23129"}],"wp:attachment":[{"href":"http:\/\/www.lanuevaopcion.cl\/index.php?rest_route=%2Fwp%2Fv2%2Fmedia&parent=23128"}],"wp:term":[{"taxonomy":"category","embeddable":true,"href":"http:\/\/www.lanuevaopcion.cl\/index.php?rest_route=%2Fwp%2Fv2%2Fcategories&post=23128"},{"taxonomy":"post_tag","embeddable":true,"href":"http:\/\/www.lanuevaopcion.cl\/index.php?rest_route=%2Fwp%2Fv2%2Ftags&post=23128"}],"curies":[{"name":"wp","href":"https:\/\/api.w.org\/{rel}","templated":true}]}}