{"id":23125,"date":"2016-12-16T09:36:06","date_gmt":"2016-12-16T09:36:06","guid":{"rendered":"http:\/\/www.lanuevaopcion.cl\/?p=23125"},"modified":"2016-12-16T09:36:06","modified_gmt":"2016-12-16T09:36:06","slug":"benedicto-xvi-recuerda-a-bachelet-como-%e2%80%9catea%e2%80%9d-y-%e2%80%9cmarxista%e2%80%9d","status":"publish","type":"post","link":"http:\/\/www.lanuevaopcion.cl\/?p=23125","title":{"rendered":"Benedicto XVI recuerda a Bachelet como \u201catea\u201d y \u201cmarxista\u201d"},"content":{"rendered":"<p><img loading=\"lazy\" decoding=\"async\"  alt=\"\" src=\"http:\/\/www.lanacion.cl\/noticias\/site\/artic\/20161215\/imag\/foto_0000000520161215165511.jpg\" class=\"alignleft\" width=\"380\" height=\"180\" \/ class=\"alignleft\" style=\"margin-right:15px;margin-bottom:10px;float:left;\" >El periodista alem\u00e1n Peter Seewald escribi\u00f3 un libro sobre Benedicto XVI (Joseph Ratzinger), en el que el Papa em\u00e9rito habla sin tapujos sobre los encuentros que tuvo con l\u00edderes mundiales, entre los que destacan sus dichos sobre la Presidenta Michelle Bachelet.<br \/>\n<!--more--><br \/>\nEl libro en cuesti\u00f3n es \u201cBenedicto XVI, \u00faltimas conversaciones\u201d y ah\u00ed le dedic\u00f3 palabras al Presidente Barack Obama que terminaron en una reflexi\u00f3n sobre la mandataria chilena.<\/p>\n<p>\u201cEs un gran pol\u00edtico \u2013 comenz\u00f3 diciendo sobre el l\u00edder de EEUU- por supuesto. Sabe qu\u00e9 hay que hacer para alcanzar el \u00e9xito y tiene algunas ideas que no podemos compartir. Pero conmigo no fue s\u00f3lo un estratega, sino tambi\u00e9n una persona reflexiva. Pude notar que buscaba el encuentro personal y escuchaba\u201d.<\/p>\n<p>A continuaci\u00f3n es cuando se\u00f1al\u00f3 que \u201calgo an\u00e1logo valdr\u00eda tambi\u00e9n para Michelle Bachelet, la Presidenta de Chile\u201d.<\/p>\n<p>Es ah\u00ed cuando apunt\u00f3 que ella \u201ces atea, marxista, por lo que hay muchas cosas en las que no estamos de acuerdo. Pero de alg\u00fan modo percib\u00ed en ella una voluntad \u00e9tica b\u00e1sica, cercana a los cristiano\u201d.<\/p>\n<p>\u201cMantuvimos una sugestiva conversaci\u00f3n. En general fue impresionante conocer a estas personas no s\u00f3lo desde su lado pol\u00edtico-tacto. Se trata de personas que, si bien est\u00e1n muy lejos de nosotros, tratan de ver lo correcto\u201d.<br \/>\nhttp:\/\/www.lanacion.cl\/noticias\/mundo\/iglesia-catolica\/benedicto-xvi-recuerda-a-bachelet-como-atea-y-marxista\/2016-12-15\/165511.html<br \/>\nFUENTE. LA NACION.CL<\/p>\n","protected":false},"excerpt":{"rendered":"<p>El periodista alem\u00e1n Peter Seewald escribi\u00f3 un libro sobre Benedicto XVI (Joseph Ratzinger), en el que el Papa em\u00e9rito habla sin tapujos sobre los encuentros que tuvo con l\u00edderes mundiales, entre los que destacan sus dichos sobre la Presidenta Michelle Bachelet.<\/p>\n","protected":false},"author":51,"featured_media":0,"comment_status":"open","ping_status":"open","sticky":false,"template":"","format":"standard","meta":{"footnotes":""},"categories":[1],"tags":[187,77],"class_list":["post-23125","post","type-post","status-publish","format-standard","hentry","category-uncategorized","tag-iglesia-catolica","tag-mundo"],"_links":{"self":[{"href":"http:\/\/www.lanuevaopcion.cl\/index.php?rest_route=\/wp\/v2\/posts\/23125","targetHints":{"allow":["GET"]}}],"collection":[{"href":"http:\/\/www.lanuevaopcion.cl\/index.php?rest_route=\/wp\/v2\/posts"}],"about":[{"href":"http:\/\/www.lanuevaopcion.cl\/index.php?rest_route=\/wp\/v2\/types\/post"}],"author":[{"embeddable":true,"href":"http:\/\/www.lanuevaopcion.cl\/index.php?rest_route=\/wp\/v2\/users\/51"}],"replies":[{"embeddable":true,"href":"http:\/\/www.lanuevaopcion.cl\/index.php?rest_route=%2Fwp%2Fv2%2Fcomments&post=23125"}],"version-history":[{"count":2,"href":"http:\/\/www.lanuevaopcion.cl\/index.php?rest_route=\/wp\/v2\/posts\/23125\/revisions"}],"predecessor-version":[{"id":23127,"href":"http:\/\/www.lanuevaopcion.cl\/index.php?rest_route=\/wp\/v2\/posts\/23125\/revisions\/23127"}],"wp:attachment":[{"href":"http:\/\/www.lanuevaopcion.cl\/index.php?rest_route=%2Fwp%2Fv2%2Fmedia&parent=23125"}],"wp:term":[{"taxonomy":"category","embeddable":true,"href":"http:\/\/www.lanuevaopcion.cl\/index.php?rest_route=%2Fwp%2Fv2%2Fcategories&post=23125"},{"taxonomy":"post_tag","embeddable":true,"href":"http:\/\/www.lanuevaopcion.cl\/index.php?rest_route=%2Fwp%2Fv2%2Ftags&post=23125"}],"curies":[{"name":"wp","href":"https:\/\/api.w.org\/{rel}","templated":true}]}}