{"id":23117,"date":"2016-12-12T07:35:45","date_gmt":"2016-12-12T07:35:45","guid":{"rendered":"http:\/\/www.lanuevaopcion.cl\/?p=23117"},"modified":"2016-12-12T07:35:45","modified_gmt":"2016-12-12T07:35:45","slug":"jacqueline-van-rysselberghe-se-proclamo-presidenta-de-la-udi","status":"publish","type":"post","link":"http:\/\/www.lanuevaopcion.cl\/?p=23117","title":{"rendered":"Jacqueline van Rysselberghe se proclam\u00f3 presidenta de la UDI"},"content":{"rendered":"<p><img loading=\"lazy\" decoding=\"async\"  alt=\"\" src=\"http:\/\/www.lanacion.cl\/noticias\/site\/artic\/20161211\/imag\/foto_0000000520161211213140.jpg\" class=\"alignleft\" width=\"380\" height=\"180\" \/ class=\"alignleft\" style=\"margin-right:15px;margin-bottom:10px;float:left;\" >La senadora Jacqueline van Rysselberghe gan\u00f3 las elecciones de la Uni\u00f3n Dem\u00f3crata Independiente para encabezar la directiva nacional, superando al diputado Jaime Bellolio. La nueva presidenta asumir\u00e1 el pr\u00f3ximo 7 de enero el cargo que ostenta el senador Hern\u00e1n Larra\u00edn.<br \/>\n<!--more--><br \/>\nDe acuerdo a los datos entregados por Larra\u00edn, la senadora por la Regi\u00f3n del Biob\u00edo obtuvo 62,4% de los votos (4.245 sufragios), mientras que Bellolio debi\u00f3 conformarse con el 37,6% de las preferencias (2.560).<\/p>\n<p>Esto significa que votaron 6.828 militantes de la UDI de un universo estimado 72.000 habilitados para sufragar. Los c\u00e1lculos m\u00e1s optimistas estimaban que votar\u00edan unos 10.000 entusiastas miembros del gremialismo.<\/p>\n<p>La jornada se vio opacada por los problemas tecnol\u00f3gicos originados por la ca\u00edda del sistema del voto electr\u00f3nico, considerado la \u00abnovedad del a\u00f1o\u00bb, junto al mecanismo de \u00abun militante, un voto\u00bb.<br \/>\nhttp:\/\/www.lanacion.cl\/noticias\/pais\/politica\/jacqueline-van-rysselberghe-se-proclamo-presidenta-de-la-udi\/2016-12-11\/213140.html<br \/>\nFUENTE. LA NACION.CL<\/p>\n","protected":false},"excerpt":{"rendered":"<p>La senadora Jacqueline van Rysselberghe gan\u00f3 las elecciones de la Uni\u00f3n Dem\u00f3crata Independiente para encabezar la directiva nacional, superando al diputado Jaime Bellolio. La nueva presidenta asumir\u00e1 el pr\u00f3ximo 7 de enero el cargo que ostenta el senador Hern\u00e1n Larra\u00edn.<\/p>\n","protected":false},"author":51,"featured_media":0,"comment_status":"open","ping_status":"open","sticky":false,"template":"","format":"standard","meta":{"footnotes":""},"categories":[1],"tags":[93,1628],"class_list":["post-23117","post","type-post","status-publish","format-standard","hentry","category-uncategorized","tag-pais","tag-uncategorized"],"_links":{"self":[{"href":"http:\/\/www.lanuevaopcion.cl\/index.php?rest_route=\/wp\/v2\/posts\/23117","targetHints":{"allow":["GET"]}}],"collection":[{"href":"http:\/\/www.lanuevaopcion.cl\/index.php?rest_route=\/wp\/v2\/posts"}],"about":[{"href":"http:\/\/www.lanuevaopcion.cl\/index.php?rest_route=\/wp\/v2\/types\/post"}],"author":[{"embeddable":true,"href":"http:\/\/www.lanuevaopcion.cl\/index.php?rest_route=\/wp\/v2\/users\/51"}],"replies":[{"embeddable":true,"href":"http:\/\/www.lanuevaopcion.cl\/index.php?rest_route=%2Fwp%2Fv2%2Fcomments&post=23117"}],"version-history":[{"count":1,"href":"http:\/\/www.lanuevaopcion.cl\/index.php?rest_route=\/wp\/v2\/posts\/23117\/revisions"}],"predecessor-version":[{"id":23118,"href":"http:\/\/www.lanuevaopcion.cl\/index.php?rest_route=\/wp\/v2\/posts\/23117\/revisions\/23118"}],"wp:attachment":[{"href":"http:\/\/www.lanuevaopcion.cl\/index.php?rest_route=%2Fwp%2Fv2%2Fmedia&parent=23117"}],"wp:term":[{"taxonomy":"category","embeddable":true,"href":"http:\/\/www.lanuevaopcion.cl\/index.php?rest_route=%2Fwp%2Fv2%2Fcategories&post=23117"},{"taxonomy":"post_tag","embeddable":true,"href":"http:\/\/www.lanuevaopcion.cl\/index.php?rest_route=%2Fwp%2Fv2%2Ftags&post=23117"}],"curies":[{"name":"wp","href":"https:\/\/api.w.org\/{rel}","templated":true}]}}