{"id":23057,"date":"2016-11-16T17:53:42","date_gmt":"2016-11-16T17:53:42","guid":{"rendered":"http:\/\/www.lanuevaopcion.cl\/?p=23057"},"modified":"2016-11-16T17:53:42","modified_gmt":"2016-11-16T17:53:42","slug":"camara-rechaza-comision-para-investigar-nexos-de-empresa-de-pinera-con-pesquera-peruana","status":"publish","type":"post","link":"http:\/\/www.lanuevaopcion.cl\/?p=23057","title":{"rendered":"C\u00e1mara rechaza comisi\u00f3n para investigar nexos de empresa de Pi\u00f1era con pesquera peruana"},"content":{"rendered":"<p><img loading=\"lazy\" decoding=\"async\"  alt=\"\" src=\"http:\/\/www.lanacion.cl\/noticias\/site\/artic\/20161116\/imag\/foto_0000000520161116105806.jpg\" class=\"alignleft\" width=\"380\" height=\"180\" \/ class=\"alignleft\" style=\"margin-right:15px;margin-bottom:10px;float:left;\" >La C\u00e1mara de Diputados rechaz\u00f3 la aprobaci\u00f3n de una comisi\u00f3n investigadora para indagar los negocios de la empresa Bancard, relacionada al ex Presidente Sebasti\u00e1n Pi\u00f1era, con una pesquera peruana durante la demanda mar\u00edtima de Chile y Per\u00fa en La Haya.<br \/>\n<!--more--><br \/>\nLa acci\u00f3n presentada por parlamentarios de la Nueva Mayor\u00eda fue rechazada por 32 votos y aprobaba por 37. Para la aprobaci\u00f3n de la comisi\u00f3n se necesitaban un total de 47 votos.<\/p>\n<p>En forma excepcional, a causa de que se discute el Presupuesto 2017, la sesi\u00f3n comenz\u00f3 a las 10 de la ma\u00f1ana y no a las 10:30 y solo llegaron 69 parlamentarios a la Sala.<br \/>\nhttp:\/\/www.lanacion.cl\/noticias\/pais\/politica\/camara-rechaza-comision-para-investigar-nexos-de-empresa-de-pinera-con\/2016-11-16\/105806.html<br \/>\nFUENTE. LA NACION.CL<\/p>\n","protected":false},"excerpt":{"rendered":"<p>La C\u00e1mara de Diputados rechaz\u00f3 la aprobaci\u00f3n de una comisi\u00f3n investigadora para indagar los negocios de la empresa Bancard, relacionada al ex Presidente Sebasti\u00e1n Pi\u00f1era, con una pesquera peruana durante la demanda mar\u00edtima de Chile y Per\u00fa en La Haya.<\/p>\n","protected":false},"author":51,"featured_media":0,"comment_status":"open","ping_status":"open","sticky":false,"template":"","format":"standard","meta":{"footnotes":""},"categories":[1],"tags":[93,1628],"class_list":["post-23057","post","type-post","status-publish","format-standard","hentry","category-uncategorized","tag-pais","tag-uncategorized"],"_links":{"self":[{"href":"http:\/\/www.lanuevaopcion.cl\/index.php?rest_route=\/wp\/v2\/posts\/23057","targetHints":{"allow":["GET"]}}],"collection":[{"href":"http:\/\/www.lanuevaopcion.cl\/index.php?rest_route=\/wp\/v2\/posts"}],"about":[{"href":"http:\/\/www.lanuevaopcion.cl\/index.php?rest_route=\/wp\/v2\/types\/post"}],"author":[{"embeddable":true,"href":"http:\/\/www.lanuevaopcion.cl\/index.php?rest_route=\/wp\/v2\/users\/51"}],"replies":[{"embeddable":true,"href":"http:\/\/www.lanuevaopcion.cl\/index.php?rest_route=%2Fwp%2Fv2%2Fcomments&post=23057"}],"version-history":[{"count":1,"href":"http:\/\/www.lanuevaopcion.cl\/index.php?rest_route=\/wp\/v2\/posts\/23057\/revisions"}],"predecessor-version":[{"id":23058,"href":"http:\/\/www.lanuevaopcion.cl\/index.php?rest_route=\/wp\/v2\/posts\/23057\/revisions\/23058"}],"wp:attachment":[{"href":"http:\/\/www.lanuevaopcion.cl\/index.php?rest_route=%2Fwp%2Fv2%2Fmedia&parent=23057"}],"wp:term":[{"taxonomy":"category","embeddable":true,"href":"http:\/\/www.lanuevaopcion.cl\/index.php?rest_route=%2Fwp%2Fv2%2Fcategories&post=23057"},{"taxonomy":"post_tag","embeddable":true,"href":"http:\/\/www.lanuevaopcion.cl\/index.php?rest_route=%2Fwp%2Fv2%2Ftags&post=23057"}],"curies":[{"name":"wp","href":"https:\/\/api.w.org\/{rel}","templated":true}]}}