{"id":23055,"date":"2016-11-15T08:42:06","date_gmt":"2016-11-15T08:42:06","guid":{"rendered":"http:\/\/www.lanuevaopcion.cl\/?p=23055"},"modified":"2016-11-15T08:42:06","modified_gmt":"2016-11-15T08:42:06","slug":"jorge-tarud-lagos-esta-moviendo-a-su-gente-para-que-no-haya-primarias","status":"publish","type":"post","link":"http:\/\/www.lanuevaopcion.cl\/?p=23055","title":{"rendered":"Jorge Tarud: Lagos est\u00e1 moviendo a su gente para que no haya primarias"},"content":{"rendered":"<p><img loading=\"lazy\" decoding=\"async\"  alt=\"\" src=\"http:\/\/www.lanacion.cl\/noticias\/site\/artic\/20161110\/imag\/foto_0000000920161110143829.jpg\" class=\"alignleft\" width=\"380\" height=\"180\" \/ class=\"alignleft\" style=\"margin-right:15px;margin-bottom:10px;float:left;\" >Aunque falta un a\u00f1o casi exacto para las elecciones presidenciales (19 de noviembre de 2017), la carrera por La Moneda comenz\u00f3 hace semanas con varios nombres que emergen como precandidatos en los partidos pol\u00edticos, tanto en Chile Vamos como en la Nueva Mayor\u00eda.<br \/>\n<!--more--><br \/>\nJorge Tarud, diputado PPD, es uno de ellos. En febrero de este a\u00f1o anunci\u00f3 su aspiraci\u00f3n a competir por el Sill\u00f3n de O&#8217;Higgins y desde ese entonces ha reforzado su postura de presidenciable. \u201cLa gente valora mi trabajo y mi transparencia\u201d, reconoce.<\/p>\n<p>En conversaci\u00f3n con La Naci\u00f3n el precandidato habla de sus propuestas y prioridades para llegar a la casa de Gobierno, pero sin dejar de repasar a sus inminentes competidores, especialmente a Ricardo Lagos y Sebasti\u00e1n Pi\u00f1era.  \u201cLa ciudadan\u00eda considera que las segundas partes no son buenas\u201d, remarca.<\/p>\n<p>Y afirma que Lagos \u201cest\u00e1 moviendo a su gente para que no haya nada (primarias)\u201d dentro del partido. Y advierte que si el PPD \u201cdesigna a un candidato y no lo eligen (democr\u00e1ticamente) va a cometer un error hist\u00f3rico que le costar\u00e1 muy caro\u201d.<\/p>\n<p>&#8211; \u00bfC\u00f3mo naci\u00f3 su idea de ser candidato?<\/p>\n<p>&#8211; De varias circunstancias. De que en los \u00faltimos tres a\u00f1os vengo recibiendo en todos los lugares p\u00fablicos -Arica, Santiago, Temuco- una buena impresi\u00f3n de la ciudadan\u00eda que valora mi trabajo, lo que estoy haciendo, que valora mi transparencia, y tambi\u00e9n el sentido de Estado con el que abordo los temas. He visto que genero unidad en los chilenos en un momento complicado como el que estamos viviendo (\u2026) y como tengo mi camiseta tan puesta, estoy dispuesto a jug\u00e1rmela por el pa\u00eds. Yo se lo plante\u00e9 al partido, que ten\u00eda formalmente a Lagos como precandidato, y les mostr\u00e9 una encuesta de finales de agosto de Cadem con la evaluaci\u00f3n de personajes p\u00fablicos. En esta yo estaba 5 puntos arriba del ex presidente. En consecuencia, en el partido se allanaron a que yo tambi\u00e9n postulara.  <\/p>\n<p>&#8211; \u00bfCu\u00e1l cree que son sus votantes?<\/p>\n<p>&#8211; No apunto a un p\u00fablico particular, ojal\u00e1 recibiese el m\u00e1s amplio respaldo de la ciudadan\u00eda, fundamentalmente de los independientes, que son el 95% de los chilenos.<\/p>\n<p>&#8211; De ganar elecciones, \u00bfcu\u00e1les ser\u00edan sus prioridades?<\/p>\n<p>&#8211; La primera es intentar generar un gobierno de unidad, donde haya personas independientes, que est\u00e9n por sus capacidades, por su visi\u00f3n de pa\u00eds y que tengan dedos para la pol\u00edtica, porque un gobierno no es lo mismo que ser gerente de un banco. Dentro de las prioridades est\u00e1 dar confianza para que el pa\u00eds vuelva a crecer, creo que eso es lo m\u00e1s importante. La confianza se ha perdido porque aqu\u00ed se ha querido hacer en cuatro a\u00f1os lo que en otros pa\u00edses se realiza en 10 \u00f3 12 a\u00f1os.  <\/p>\n<p>&#8211; \u00bfEso es un problema del gobierno actual?<\/p>\n<p>&#8211; Ha habido demasiadas propuestas con un alto grado de improvisaci\u00f3n. La ciudadan\u00eda se da perfectamente cuenta que est\u00e1n improvisando.<\/p>\n<p>&#8211; \u00bfSe debe a la Presidenta Bachelet o a su equipo?<\/p>\n<p>&#8211; A que algunos ministros y ministras han tenido fallas de gesti\u00f3n, comunicacionales y de experiencia pol\u00edtica. Han sido, a veces, los mismos ministros y ministras que han confundido a la opini\u00f3n p\u00fablica en las reformas. Todo eso provoca incertidumbre. Yo vengo diciendo desde hace un a\u00f1o que hay que cambiar el gabinete (\u2026) Por supuesto que faltan cambios, este equipo ha fallado. Es un equipo con falta de expertise pol\u00edtica total.<\/p>\n<p>Lagos, Pi\u00f1era y meo<\/p>\n<p>Como en toda campa\u00f1a presidencial, los precandidatos no quedan ajenos a sus competidores. Y en este caso, Jorge Tarud analiza sin tapujos a Lagos (tambi\u00e9n PPD) y Pi\u00f1era, las dos cartas m\u00e1s reconocidas entre la ciudadan\u00eda.<\/p>\n<p>&#8211; \u00bfQu\u00e9 opina de las candidaturas de Lagos y Pi\u00f1era?  <\/p>\n<p>&#8211; Creo que tienen todo el derecho a hacerlo. Sin embargo la ciudadan\u00eda considera que las segundas partes no son buenas. Y, adem\u00e1s, si usted ve lo que acaba de suceder en Estados Unidos, hay un voto en contra, de rechazo al establishment.<\/p>\n<p>&#8211; \u00bfPodr\u00eda pasar algo parecido en Chile?<\/p>\n<p>&#8211; Estoy convencido de que va a pasar en Chile, y que le jugar\u00e1 en contra a Pi\u00f1era y Lagos. Porque est\u00e1 pasando en muchas partes, no s\u00f3lo en EEUU; es un fen\u00f3meno mundial.<\/p>\n<p>&#8211; \u00bfC\u00f3mo ve el presente de Lagos y todas sus apariciones p\u00fablicas?<\/p>\n<p>&#8211; Le ha ido mal y le veo un camino extraordinariamente dif\u00edcil. Y reitero: lo que pas\u00f3 en EEUU se va a repetir en Chile.<\/p>\n<p>&#8211; \u00bfCu\u00e1les son sus principales diferencias con Lagos, considerando que son del mismo partido?<\/p>\n<p>&#8211; Est\u00e1 la generacional, tenemos casi 20 a\u00f1os de diferencia. Y la segunda es que yo he estado activo en los \u00faltimos 15 a\u00f1os, tomando el pulso permanente de lo que est\u00e1 pasando en Chile, en contacto con la gente. \u00c9l ha estado una d\u00e9cada ausente, hay una diferencia en c\u00f3mo palpar el pa\u00eds; \u00e9l no lo est\u00e1 palpando bien.  Le veo un camino muy dif\u00edcil.<\/p>\n<p>&#8211; \u00bfC\u00f3mo visualiza a Marco Enr\u00edquez-Ominami?<\/p>\n<p>-Creo que seguir\u00e1 siendo candidato, porque no le conocemos otro trabajo (&#8230;) Ya no es la tercera fuerza del pa\u00eds, porque la gente qued\u00f3 muy decepcionada, porque se presentaba como un producto nuevo, y resulta que ha tenido acusaciones grav\u00edsimas que no contesta. \u00c9l es un gran timador.<\/p>\n<p>exigencia de primarias<\/p>\n<p>Uno de los llamados reiterados que ha hecho Tarud, tanto a su partido como a la Nueva Mayor\u00eda, es realizar primarias para elegir al candidato del oficialismo. Y esta vez no es diferente. Tajante, dice que el conglomerado \u201ccometer\u00eda un error hist\u00f3rico\u201d si no las efectuara.<\/p>\n<p>\u201cHay varios que siguen actuando tras bambalinas, en la cocina y en las casas de los dirigentes. Pero ese sistema est\u00e1 destinado al fracaso completo. Ese candidato electo en la cocina, ser\u00e1 derrotado s\u00ed o s\u00ed (\u2026) A mi juicio, en el momento que vive Chile, si se va a hacer una designaci\u00f3n de un candidato, ser\u00e1 ampliamente rechazada por la ciudadan\u00eda\u201d, acusa.<\/p>\n<p>&#8211; \u00bfSu partido qu\u00e9 dice, har\u00e1 o no primarias?<\/p>\n<p>&#8211; Dicen que esto lo decidir\u00e1 el Consejo General que es el soberano; ellos determinar\u00edan si se va a una primaria abierta o si se elige de otra forma.<\/p>\n<p>&#8211; \u00bfSeguir\u00eda el ejemplo de Ossand\u00f3n (ex RN) de dejar el partido?<\/p>\n<p>&#8211; No voy a seguir el ejemplo de nadie, pero como fundador del PPD, creo que el militante de base se va a sentir muy mal porque ver\u00e1 que no se est\u00e1 practicando una democracia abierta. Significar\u00eda que el partido ser\u00e1 castigado por el electorado, ser\u00e1 castigado si hace las cositas en la casa de otro. No pretendo renunciar al PPD, pero si designa a un candidato y no lo elige va a cometer un error hist\u00f3rico que le costar\u00e1 muy caro.<\/p>\n<p>&#8211; \u00bfHay posibilidades de que designen a un candidato?<\/p>\n<p>-Claro que s\u00ed, porque he visto que Ricardo Lagos se ha estado moviendo con su gente dentro del partido para que no haya nada (primarias).<\/p>\n<p>LAS PROPUESTAS DEL PRECANDIDATO<\/p>\n<p>\u25ba Pensiones: He escuchado varias ofertas de candidatos. No s\u00e9 cu\u00e1l es m\u00e1s populista que la otra. Creo que con este tema no se puede jugar. Para m\u00ed es un tema de Estado. Si vamos a cambiar el sistema hag\u00e1moslo con cosas factibles, es decir, lo del 5% me parece que es el camino adecuado. Yo no dir\u00eda eliminar las AFPs, porque si las eliminamos ma\u00f1ana \u00bfc\u00f3mo pagamos las pensiones al otro d\u00eda? Es f\u00e1cil decir no m\u00e1s AFP, pero eso es populismo, es ir por un mal camino, hacer las cosas mal. Entonces veamos qu\u00e9 se debe hacer. Yo estoy trabajando en el tema, pero trabaj\u00e1ndolo seriamente, no para tirar cu\u00f1as en la televisi\u00f3n.<\/p>\n<p>\u25ba Seguridad: Hay que regular bien lo que es la defensa propia, que hoy est\u00e1 complicada porque la persona que se defiende pasa por unos l\u00edos tremendos. Por otra parte, tampoco se puede facilitar demasiado porque se puede aprovechar de su uso. Entonces hay que buscar una justa medida. Eso s\u00ed, yo no estoy de acuerdo con las detenciones ciudadanas, eso hay que dej\u00e1rselo a las polic\u00edas. Necesitamos tambi\u00e9n m\u00e1s personal policial.<\/p>\n<p>&#8211; \u00bfEst\u00e1 abierto a que los ciudadanos tengan armas?<\/p>\n<p>-Pienso que s\u00ed. Creo que la gente tiene derecho a su defensa propia en su hogar. No es para que anden portando armas, ni que la lleven en los veh\u00edculos. Pero s\u00ed dentro de su hogar y con los debidos resguardos.<\/p>\n<p>\u25ba Salud: Faltan especialistas sobre todo en regiones. Y en este sentido (este problema) quiero combinarlo con que Chile tenga una ley nueva de inmigraci\u00f3n que permita a los especialistas extranjeros trabajar en otras localidades (distantes de Santiago). En Australia, por ejemplo, lanzan ofertas para especialistas for\u00e1neos, pero estos no se van a trabajar a las grandes ciudades.<\/p>\n<p>\u25ba Educaci\u00f3n: Aqu\u00ed se ha querido hacer lo que en cualquier pa\u00eds se habr\u00eda hecho en 10 a\u00f1os.  Estas cosas se hacen en el largo plazo. Mi propuesta es seguir con la implementaci\u00f3n (de gratuidad) pero en forma realista. Yo me pregunto por qu\u00e9 educaci\u00f3n para el 100%. Si yo puedo pagar la educaci\u00f3n de mis hijos o nietos, por qu\u00e9 voy a estar rest\u00e1ndole la oportunidad a personas que no tienen recursos, encuentro que eso no es justo. Por lo tanto, creo que la educaci\u00f3n gratuita deber\u00eda ser hasta un 80%.<br \/>\nhttp:\/\/www.lanacion.cl\/noticias\/reportajes\/entrevista\/jorge-tarud-lagos-esta-moviendo-a-su-gente-para-que-no-haya-primarias\/2016-11-10\/143829.html<br \/>\nFUENTE. LA NACION.CL<\/p>\n","protected":false},"excerpt":{"rendered":"<p>Aunque falta un a\u00f1o casi exacto para las elecciones presidenciales (19 de noviembre de 2017), la carrera por La Moneda comenz\u00f3 hace semanas con varios nombres que emergen como precandidatos en los partidos pol\u00edticos, tanto en Chile Vamos como en la Nueva Mayor\u00eda.<\/p>\n","protected":false},"author":51,"featured_media":0,"comment_status":"open","ping_status":"open","sticky":false,"template":"","format":"standard","meta":{"footnotes":""},"categories":[1],"tags":[201,200],"class_list":["post-23055","post","type-post","status-publish","format-standard","hentry","category-uncategorized","tag-entrevista","tag-reportajes"],"_links":{"self":[{"href":"http:\/\/www.lanuevaopcion.cl\/index.php?rest_route=\/wp\/v2\/posts\/23055","targetHints":{"allow":["GET"]}}],"collection":[{"href":"http:\/\/www.lanuevaopcion.cl\/index.php?rest_route=\/wp\/v2\/posts"}],"about":[{"href":"http:\/\/www.lanuevaopcion.cl\/index.php?rest_route=\/wp\/v2\/types\/post"}],"author":[{"embeddable":true,"href":"http:\/\/www.lanuevaopcion.cl\/index.php?rest_route=\/wp\/v2\/users\/51"}],"replies":[{"embeddable":true,"href":"http:\/\/www.lanuevaopcion.cl\/index.php?rest_route=%2Fwp%2Fv2%2Fcomments&post=23055"}],"version-history":[{"count":1,"href":"http:\/\/www.lanuevaopcion.cl\/index.php?rest_route=\/wp\/v2\/posts\/23055\/revisions"}],"predecessor-version":[{"id":23056,"href":"http:\/\/www.lanuevaopcion.cl\/index.php?rest_route=\/wp\/v2\/posts\/23055\/revisions\/23056"}],"wp:attachment":[{"href":"http:\/\/www.lanuevaopcion.cl\/index.php?rest_route=%2Fwp%2Fv2%2Fmedia&parent=23055"}],"wp:term":[{"taxonomy":"category","embeddable":true,"href":"http:\/\/www.lanuevaopcion.cl\/index.php?rest_route=%2Fwp%2Fv2%2Fcategories&post=23055"},{"taxonomy":"post_tag","embeddable":true,"href":"http:\/\/www.lanuevaopcion.cl\/index.php?rest_route=%2Fwp%2Fv2%2Ftags&post=23055"}],"curies":[{"name":"wp","href":"https:\/\/api.w.org\/{rel}","templated":true}]}}