{"id":22341,"date":"2015-12-31T12:17:18","date_gmt":"2015-12-31T12:17:18","guid":{"rendered":"http:\/\/www.lanuevaopcion.cl\/?p=22341"},"modified":"2015-12-31T12:17:18","modified_gmt":"2015-12-31T12:17:18","slug":"buena-noticia-cancelan-aviso-de-marejadas-en-toda-la-costa","status":"publish","type":"post","link":"http:\/\/www.lanuevaopcion.cl\/?p=22341","title":{"rendered":"Buena noticia: cancelan aviso de marejadas en toda la costa"},"content":{"rendered":"<p><img loading=\"lazy\" decoding=\"async\"  alt=\"\" src=\"http:\/\/www.lanacion.cl\/noticias\/site\/artic\/20151231\/imag\/foto_0000000420151231090031.jpg\" class=\"alignleft\" width=\"380\" height=\"180\" \/ class=\"alignleft\" style=\"margin-right:15px;margin-bottom:10px;float:left;\" >Con una buena noticia amanecieron esta ma\u00f1ana los habitantes de Valpara\u00edso y quienes quieran pasar el A\u00f1o Nuevo en el mar: la Armada cancel\u00f3 el aviso de marejadas para toda la costa chilena que reg\u00eda desde hace unos d\u00edas.<br \/>\n<!--more--><br \/>\nAs\u00ed lo ratific\u00f3 el gobernador de Valpara\u00edso, Omar Jara, quien dijo que \u201ces una buena noticia sobre todo para los lancheros del muelle Prat, que son ellos los que hacen los paseos en la noche a la gente que quiere ver el espect\u00e1culo pirot\u00e9cnico desde el mar\u201d.<\/p>\n<p>La Armada, en tanto, indic\u00f3 que la \u201c\u00faltima actualizaci\u00f3n de las condiciones oce\u00e1nicas  referidas a la altura del mar de fondo, sumado al debilitamiento de condiciones de viento y presi\u00f3n atmosf\u00e9rica a nivel del mar, evidencia una disminuci\u00f3n de la altura de las olas\u201d.<br \/>\nhttp:\/\/www.lanacion.cl\/noticias\/regiones\/meteorologia\/buena-noticia-cancelan-aviso-de-marejadas-en-toda-la-costa\/2015-12-31\/090031.html<br \/>\nFUENTE, LA NACION.CL<\/p>\n","protected":false},"excerpt":{"rendered":"<p>Con una buena noticia amanecieron esta ma\u00f1ana los habitantes de Valpara\u00edso y quienes quieran pasar el A\u00f1o Nuevo en el mar: la Armada cancel\u00f3 el aviso de marejadas para toda la costa chilena que reg\u00eda desde hace unos d\u00edas.<\/p>\n","protected":false},"author":51,"featured_media":0,"comment_status":"open","ping_status":"open","sticky":false,"template":"","format":"standard","meta":{"footnotes":""},"categories":[1],"tags":[93,35],"class_list":["post-22341","post","type-post","status-publish","format-standard","hentry","category-uncategorized","tag-pais","tag-regiones"],"_links":{"self":[{"href":"http:\/\/www.lanuevaopcion.cl\/index.php?rest_route=\/wp\/v2\/posts\/22341","targetHints":{"allow":["GET"]}}],"collection":[{"href":"http:\/\/www.lanuevaopcion.cl\/index.php?rest_route=\/wp\/v2\/posts"}],"about":[{"href":"http:\/\/www.lanuevaopcion.cl\/index.php?rest_route=\/wp\/v2\/types\/post"}],"author":[{"embeddable":true,"href":"http:\/\/www.lanuevaopcion.cl\/index.php?rest_route=\/wp\/v2\/users\/51"}],"replies":[{"embeddable":true,"href":"http:\/\/www.lanuevaopcion.cl\/index.php?rest_route=%2Fwp%2Fv2%2Fcomments&post=22341"}],"version-history":[{"count":1,"href":"http:\/\/www.lanuevaopcion.cl\/index.php?rest_route=\/wp\/v2\/posts\/22341\/revisions"}],"predecessor-version":[{"id":22342,"href":"http:\/\/www.lanuevaopcion.cl\/index.php?rest_route=\/wp\/v2\/posts\/22341\/revisions\/22342"}],"wp:attachment":[{"href":"http:\/\/www.lanuevaopcion.cl\/index.php?rest_route=%2Fwp%2Fv2%2Fmedia&parent=22341"}],"wp:term":[{"taxonomy":"category","embeddable":true,"href":"http:\/\/www.lanuevaopcion.cl\/index.php?rest_route=%2Fwp%2Fv2%2Fcategories&post=22341"},{"taxonomy":"post_tag","embeddable":true,"href":"http:\/\/www.lanuevaopcion.cl\/index.php?rest_route=%2Fwp%2Fv2%2Ftags&post=22341"}],"curies":[{"name":"wp","href":"https:\/\/api.w.org\/{rel}","templated":true}]}}