{"id":22339,"date":"2015-12-30T04:00:02","date_gmt":"2015-12-30T04:00:02","guid":{"rendered":"http:\/\/www.lanuevaopcion.cl\/?p=22339"},"modified":"2015-12-30T04:00:02","modified_gmt":"2015-12-30T04:00:02","slug":"claudio-fuentes-bachelet-dio-una-senal-equivoca-en-su-viaje-a-la-araucania","status":"publish","type":"post","link":"http:\/\/www.lanuevaopcion.cl\/?p=22339","title":{"rendered":"Claudio Fuentes: Bachelet dio una se\u00f1al equ\u00edvoca en su viaje a La Araucan\u00eda"},"content":{"rendered":"<p><img loading=\"lazy\" decoding=\"async\"  alt=\"\" src=\"http:\/\/www.lanacion.cl\/noticias\/site\/artic\/20151229\/imag\/foto_0000000420151229192150.jpg\" class=\"alignleft\" width=\"380\" height=\"180\" \/ class=\"alignleft\" style=\"margin-right:15px;margin-bottom:10px;float:left;\" >\u201cCreo que este tipo de aproximaci\u00f3n poco abierta, muy desde el secretismo no ayuda a definiciones de pol\u00edtica p\u00fablica en este tema\u201d, es la opini\u00f3n del cientista pol\u00edtico Claudio Fuentes a la hora de analizar la visita rel\u00e1mpago que hizo este martes la Presidenta Michelle Bachelet a la Novena Regi\u00f3n.<br \/>\n<!--more--><br \/>\nDesmenuzando con La Naci\u00f3n la forma en que se articul\u00f3 la ida de la Mandataria a la zona, el director de la Escuela de Ciencia Pol\u00edtica de la Universidad Diego Portales sostiene que, en la forma, si en Chile hay una protecci\u00f3n del Estado de derecho, no habr\u00eda raz\u00f3n para que ella fuese  sorpresivamente a ninguna regi\u00f3n del pa\u00eds.<\/p>\n<p>\u201cLa se\u00f1al pol\u00edtica que se envi\u00f3 a mi juicio es equ\u00edvoca, porque el Gobierno mismo dice que hay Estado de derecho y entonces por qu\u00e9 tiene que hacerlo de la forma en que se hizo, sin avisar a la prensa, sin agenda previa\u201d, sobre todo, considerando que lo que necesita esa fracci\u00f3n del pa\u00eds son acciones concretas y no declaraciones de buenas intenciones.<\/p>\n<p>La observaci\u00f3n del acad\u00e9mico apunta a que \u201cla complejidad de lo que est\u00e1 pasando en La Araucan\u00eda es tan alta que se requieren acciones constantes, persistentes en el tiempo, y creo que las autoridades de esta administraci\u00f3n y de otras administraciones no han entendido eso de la naturaleza de lo que est\u00e1 en juego ah\u00ed y que tiene relaci\u00f3n con las reivindicaciones de los pueblos originarios, c\u00f3mo conseguimos el v\u00ednculo pol\u00edtico, pero tambi\u00e9n el v\u00ednculo econ\u00f3mico en esa regi\u00f3n, y eso creo que ha estado ausente de las discusiones pol\u00edticas\u201d.<\/p>\n<p>Fuentes repara en este punto subrayando que \u201clamentablemente, durante varias administraciones el tema de lo que pasa en La Araucan\u00eda ha sido siempre enfrentado desde el punto de vista de la seguridad p\u00fablica y no como un problema pol\u00edtico. Creo que la orientaci\u00f3n que le estaba dando (Francisco) Huenchumilla era la correcta y, sin embargo, todav\u00eda no entendemos por qu\u00e9 sali\u00f3 el intendente\u201d.<br \/>\nhttp:\/\/www.lanacion.cl\/noticias\/pais\/nacional\/claudio-fuentes-bachelet-dio-una-senal-equivoca-en-su-viaje-a-la\/2015-12-29\/192150.html<br \/>\nFUENTE. LA NACION.CL<\/p>\n","protected":false},"excerpt":{"rendered":"<p>\u201cCreo que este tipo de aproximaci\u00f3n poco abierta, muy desde el secretismo no ayuda a definiciones de pol\u00edtica p\u00fablica en este tema\u201d, es la opini\u00f3n del cientista pol\u00edtico Claudio Fuentes a la hora de analizar la visita rel\u00e1mpago que hizo este martes la Presidenta Michelle Bachelet a la Novena Regi\u00f3n.<\/p>\n","protected":false},"author":51,"featured_media":0,"comment_status":"open","ping_status":"open","sticky":false,"template":"","format":"standard","meta":{"footnotes":""},"categories":[1],"tags":[1635,93],"class_list":["post-22339","post","type-post","status-publish","format-standard","hentry","category-uncategorized","tag-nacional","tag-pais"],"_links":{"self":[{"href":"http:\/\/www.lanuevaopcion.cl\/index.php?rest_route=\/wp\/v2\/posts\/22339","targetHints":{"allow":["GET"]}}],"collection":[{"href":"http:\/\/www.lanuevaopcion.cl\/index.php?rest_route=\/wp\/v2\/posts"}],"about":[{"href":"http:\/\/www.lanuevaopcion.cl\/index.php?rest_route=\/wp\/v2\/types\/post"}],"author":[{"embeddable":true,"href":"http:\/\/www.lanuevaopcion.cl\/index.php?rest_route=\/wp\/v2\/users\/51"}],"replies":[{"embeddable":true,"href":"http:\/\/www.lanuevaopcion.cl\/index.php?rest_route=%2Fwp%2Fv2%2Fcomments&post=22339"}],"version-history":[{"count":1,"href":"http:\/\/www.lanuevaopcion.cl\/index.php?rest_route=\/wp\/v2\/posts\/22339\/revisions"}],"predecessor-version":[{"id":22340,"href":"http:\/\/www.lanuevaopcion.cl\/index.php?rest_route=\/wp\/v2\/posts\/22339\/revisions\/22340"}],"wp:attachment":[{"href":"http:\/\/www.lanuevaopcion.cl\/index.php?rest_route=%2Fwp%2Fv2%2Fmedia&parent=22339"}],"wp:term":[{"taxonomy":"category","embeddable":true,"href":"http:\/\/www.lanuevaopcion.cl\/index.php?rest_route=%2Fwp%2Fv2%2Fcategories&post=22339"},{"taxonomy":"post_tag","embeddable":true,"href":"http:\/\/www.lanuevaopcion.cl\/index.php?rest_route=%2Fwp%2Fv2%2Ftags&post=22339"}],"curies":[{"name":"wp","href":"https:\/\/api.w.org\/{rel}","templated":true}]}}