{"id":22337,"date":"2015-12-29T01:13:01","date_gmt":"2015-12-29T01:13:01","guid":{"rendered":"http:\/\/www.lanuevaopcion.cl\/?p=22337"},"modified":"2015-12-29T01:13:01","modified_gmt":"2015-12-29T01:13:01","slug":"en-prision-preventiva-quedo-segundo-detenido-por-el-crimen-de-subcomisario-pdi","status":"publish","type":"post","link":"http:\/\/www.lanuevaopcion.cl\/?p=22337","title":{"rendered":"En prisi\u00f3n preventiva qued\u00f3 segundo detenido por el crimen de subcomisario PDI"},"content":{"rendered":"<p><img loading=\"lazy\" decoding=\"async\"  alt=\"\" src=\"http:\/\/www.lanacion.cl\/noticias\/site\/artic\/20151228\/imag\/foto_0000000420151228202735.jpg\" class=\"alignleft\" width=\"380\" height=\"180\" \/ class=\"alignleft\" style=\"margin-right:15px;margin-bottom:10px;float:left;\" >En prisi\u00f3n preventiva qued\u00f3 la tarde de este lunes el segundo sujeto detenido por el asalto a una jugueter\u00eda en que muri\u00f3 el subcomisario de la PDI Franco Collao Ram\u00edrez, crimen ocurrido el jueves 17 de diciembre pasado.<br \/>\n<!--more--><br \/>\nSe trata de Esteban Luis Medina V\u00e1squez, de 51 a\u00f1os, quien fue formalizado por la Fiscal\u00eda Centro Norte, en el S\u00e9ptimo Juzgado de Garant\u00eda de Santiago, por los delitos de robo con intimidaci\u00f3n y homicidio de funcionario policial. <\/p>\n<p>Medina V\u00e1squez fue detenido la ma\u00f1ana de este lunes a ra\u00edz de una orden de detenci\u00f3n que solicit\u00f3 la Fiscal\u00eda, luego de establecer, en base a un conjunto de antecedentes, que particip\u00f3 en el asalto a la jugueter\u00eda y en el posterior homicidio del funcionario policial. <\/p>\n<p>En la audiencia de formalizaci\u00f3n, el fiscal Ricardo Pe\u00f1a dio cuenta de una serie de antecedentes que vinculan al imputado con el homicidio. Entre ellos, se encuentra las im\u00e1genes de las c\u00e1maras de seguridad dispuestas al interior del local, que captan a Medina. <\/p>\n<p>Asimismo, mencion\u00f3 declaraciones de testigos y tr\u00e1ficos de llamadas, entre otros antecedentes que dan cuenta que junto a otros sujetos \u2013todos armados- particip\u00f3 en los il\u00edcitos. Estos antecedentes fueron considerados suficientes por el tribunal, que decret\u00f3 la prisi\u00f3n preventiva. <\/p>\n<p>Al finalizar la audiencia, el fiscal Pe\u00f1a manifest\u00f3 que \u201cya est\u00e1n todos identificados y van a caer uno a uno, como lo dijimos desde el primer d\u00eda\u201d. <\/p>\n<p>Entre los antecedentes considerados por el tribunal para decretar la prisi\u00f3n preventiva de Medina, destacan la alta pena asignada a los delitos, el haber actuado en grupo y las condenas previas que afectan a Medina. <\/p>\n<p>Adem\u00e1s, el imputado tiene tres condenas previas: una por robo con intimidaci\u00f3n, otra por porte ilegal de arma prohibida y una tercera por porte ilegal de arma de fuego. <\/p>\n<p>El primero detenido, Carlos Alberto Cataldo Saavedra (37), qued\u00f3 en prisi\u00f3n preventiva el 18 de diciembre, a pesar de que este sujeto s\u00f3lo reconoci\u00f3 que estaba esperando en auto a la banda. <\/p>\n<p>En tanto, la Brigada de Homicidios de la PDI sigue buscando a los tres pr\u00f3fugos que falta por atrapar, entre ellos el supuesto autor del disparo que le cost\u00f3 la vida al subcomisario de 38 a\u00f1os. <\/p>\n<p>El autor material del disparo ser\u00eda Pablo Andr\u00e9s Letelier Fica (28). Los otros dos fugitivos son Nelson Giovanni N\u00fa\u00f1ez Letelier (31) y Daniel Alberto Olivares Severino. Los dos primeros ser\u00edan los l\u00edderes de la banda.<br \/>\nhttp:\/\/www.lanacion.cl\/noticias\/pais\/tribunales\/en-prision-preventiva-quedo-segundo-detenido-por-el-crimen-de\/2015-12-28\/202735.html<br \/>\nFUENTE. LA NACION.CL<\/p>\n","protected":false},"excerpt":{"rendered":"<p>En prisi\u00f3n preventiva qued\u00f3 la tarde de este lunes el segundo sujeto detenido por el asalto a una jugueter\u00eda en que muri\u00f3 el subcomisario de la PDI Franco Collao Ram\u00edrez, crimen ocurrido el jueves 17 de diciembre pasado.<\/p>\n","protected":false},"author":51,"featured_media":0,"comment_status":"open","ping_status":"open","sticky":false,"template":"","format":"standard","meta":{"footnotes":""},"categories":[1],"tags":[93,137],"class_list":["post-22337","post","type-post","status-publish","format-standard","hentry","category-uncategorized","tag-pais","tag-tribunales"],"_links":{"self":[{"href":"http:\/\/www.lanuevaopcion.cl\/index.php?rest_route=\/wp\/v2\/posts\/22337","targetHints":{"allow":["GET"]}}],"collection":[{"href":"http:\/\/www.lanuevaopcion.cl\/index.php?rest_route=\/wp\/v2\/posts"}],"about":[{"href":"http:\/\/www.lanuevaopcion.cl\/index.php?rest_route=\/wp\/v2\/types\/post"}],"author":[{"embeddable":true,"href":"http:\/\/www.lanuevaopcion.cl\/index.php?rest_route=\/wp\/v2\/users\/51"}],"replies":[{"embeddable":true,"href":"http:\/\/www.lanuevaopcion.cl\/index.php?rest_route=%2Fwp%2Fv2%2Fcomments&post=22337"}],"version-history":[{"count":1,"href":"http:\/\/www.lanuevaopcion.cl\/index.php?rest_route=\/wp\/v2\/posts\/22337\/revisions"}],"predecessor-version":[{"id":22338,"href":"http:\/\/www.lanuevaopcion.cl\/index.php?rest_route=\/wp\/v2\/posts\/22337\/revisions\/22338"}],"wp:attachment":[{"href":"http:\/\/www.lanuevaopcion.cl\/index.php?rest_route=%2Fwp%2Fv2%2Fmedia&parent=22337"}],"wp:term":[{"taxonomy":"category","embeddable":true,"href":"http:\/\/www.lanuevaopcion.cl\/index.php?rest_route=%2Fwp%2Fv2%2Fcategories&post=22337"},{"taxonomy":"post_tag","embeddable":true,"href":"http:\/\/www.lanuevaopcion.cl\/index.php?rest_route=%2Fwp%2Fv2%2Ftags&post=22337"}],"curies":[{"name":"wp","href":"https:\/\/api.w.org\/{rel}","templated":true}]}}