{"id":22321,"date":"2015-12-21T02:33:04","date_gmt":"2015-12-21T02:33:04","guid":{"rendered":"http:\/\/www.lanuevaopcion.cl\/?p=22321"},"modified":"2015-12-21T02:33:04","modified_gmt":"2015-12-21T02:33:04","slug":"funcionarios-de-la-dgac-decidieron-deponer-el-paro","status":"publish","type":"post","link":"http:\/\/www.lanuevaopcion.cl\/?p=22321","title":{"rendered":"Funcionarios de la DGAC decidieron deponer el paro"},"content":{"rendered":"<p><img loading=\"lazy\" decoding=\"async\"  alt=\"\" src=\"http:\/\/www.lanacion.cl\/noticias\/site\/artic\/20151220\/imag\/foto_0000000420151220185602.jpg\" class=\"alignleft\" width=\"380\" height=\"180\" \/ class=\"alignleft\" style=\"margin-right:15px;margin-bottom:10px;float:left;\" >Cuatro d\u00edas dur\u00f3 el paro de los funcionarios de la Direcci\u00f3n General de Aeron\u00e1utica Civil (DGAC) luego que este domingo Jos\u00e9 P\u00e9rez, representante de los trabajadores, anunciara que retomar\u00e1n la mesa de dialogo con el Gobierno.<br \/>\n<!--more--><br \/>\n\u201cVotaci\u00f3n democr\u00e1tica interna, no fue un\u00e1nime, pero hoy se genera un espacio de confianza. Nuestra apuesta sea un acuerdo de una vez por toda en esta materia\u201d, dijo P\u00e9rez a CNN Chile.<\/p>\n<p>Una movilizaci\u00f3n que ten\u00eda un verdadero caos ya que en esta jornada se lleg\u00f3 a 12 aeropuertos inoperativos debido a la falta de personal especializado para que los vuelos pudieran despegar.<\/p>\n<p>Una determinaci\u00f3n que fue valorada por el ministro de Defensa Jos\u00e9 Antonio G\u00f3mez, que manifest\u00f3 que su inter\u00e9s es que \u201cesta situaci\u00f3n no se vuelva a producir\u201d. Por lo mismo, la mesa de dialogo se volver\u00e1 a reconstituir a partir de las 7:30 horas.<\/p>\n<p>\u201cManifestamos voluntad de dialogo e inter\u00e9s de normalizar el sistema\u2026 han decidido deponer el paro. A las 7:30 vamos a reconstituir la mesa para ver sus demandas y dialogar los puntos que ellos encontraron insuficientes\u201d, coment\u00f3.<\/p>\n<p>Eso s\u00ed, el conflicto puede estar lejos de terminar ya que la demanda m\u00e1s fuerte de los funcionarios es que los reintegren a Capredena, lo que el secretario de Estado ya manifest\u00f3 que no suceder\u00e1.<\/p>\n<p>\u201cLa posibilidad de volver a Capredena no existe y se los hemos repetido\u2026 Hay otros puntos que vamos a conversar de acuerdo al presupuesto\u201d, explic\u00f3.<\/p>\n<p>LENTA REPROGRAMACI\u00d3N DE VUELOS<\/p>\n<p>Si bien es cierto que desde esta misma jornada se empezar\u00e1 a normalizar las operaciones en los distintos terminarles a\u00e9reos, los usuarios tendr\u00e1n que seguir arm\u00e1ndose de paciencia.<\/p>\n<p>Es que s\u00f3lo este domingo se cancelaron m\u00e1s de 100 vuelos y las empresas ya anticipan que, debido a la alta demanda, costar\u00e1 varios d\u00edas restablecer la normalidad.<\/p>\n<p>\u201cUna vez que finalice el #ParoDGAC, la reubicaci\u00f3n de los pasajeros afectados podr\u00eda tomar varios d\u00edas debido a vuelos muy ocupados\u201d, inform\u00f3 LAN en su cuenta de Twitter.<br \/>\nhttp:\/\/www.lanacion.cl\/noticias\/pais\/nacional\/funcionarios-de-la-dgac-decidieron-deponer-el-paro\/2015-12-20\/185602.html<br \/>\nFUENTE. LA NACION.CL<\/p>\n","protected":false},"excerpt":{"rendered":"<p>Cuatro d\u00edas dur\u00f3 el paro de los funcionarios de la Direcci\u00f3n General de Aeron\u00e1utica Civil (DGAC) luego que este domingo Jos\u00e9 P\u00e9rez, representante de los trabajadores, anunciara que retomar\u00e1n la mesa de dialogo con el Gobierno.<\/p>\n","protected":false},"author":51,"featured_media":0,"comment_status":"open","ping_status":"open","sticky":false,"template":"","format":"standard","meta":{"footnotes":""},"categories":[1],"tags":[1635,93],"class_list":["post-22321","post","type-post","status-publish","format-standard","hentry","category-uncategorized","tag-nacional","tag-pais"],"_links":{"self":[{"href":"http:\/\/www.lanuevaopcion.cl\/index.php?rest_route=\/wp\/v2\/posts\/22321","targetHints":{"allow":["GET"]}}],"collection":[{"href":"http:\/\/www.lanuevaopcion.cl\/index.php?rest_route=\/wp\/v2\/posts"}],"about":[{"href":"http:\/\/www.lanuevaopcion.cl\/index.php?rest_route=\/wp\/v2\/types\/post"}],"author":[{"embeddable":true,"href":"http:\/\/www.lanuevaopcion.cl\/index.php?rest_route=\/wp\/v2\/users\/51"}],"replies":[{"embeddable":true,"href":"http:\/\/www.lanuevaopcion.cl\/index.php?rest_route=%2Fwp%2Fv2%2Fcomments&post=22321"}],"version-history":[{"count":1,"href":"http:\/\/www.lanuevaopcion.cl\/index.php?rest_route=\/wp\/v2\/posts\/22321\/revisions"}],"predecessor-version":[{"id":22322,"href":"http:\/\/www.lanuevaopcion.cl\/index.php?rest_route=\/wp\/v2\/posts\/22321\/revisions\/22322"}],"wp:attachment":[{"href":"http:\/\/www.lanuevaopcion.cl\/index.php?rest_route=%2Fwp%2Fv2%2Fmedia&parent=22321"}],"wp:term":[{"taxonomy":"category","embeddable":true,"href":"http:\/\/www.lanuevaopcion.cl\/index.php?rest_route=%2Fwp%2Fv2%2Fcategories&post=22321"},{"taxonomy":"post_tag","embeddable":true,"href":"http:\/\/www.lanuevaopcion.cl\/index.php?rest_route=%2Fwp%2Fv2%2Ftags&post=22321"}],"curies":[{"name":"wp","href":"https:\/\/api.w.org\/{rel}","templated":true}]}}