{"id":2067,"date":"2009-04-30T15:31:04","date_gmt":"2009-04-30T18:31:04","guid":{"rendered":"http:\/\/www.lanuevaopcion.cl\/?p=2067"},"modified":"2009-04-30T15:31:04","modified_gmt":"2009-04-30T18:31:04","slug":"bachelet-y-desempleo-no-es-una-cifra-que-nos-produzca-ninguna-alegria","status":"publish","type":"post","link":"http:\/\/www.lanuevaopcion.cl\/?p=2067","title":{"rendered":"Bachelet y desempleo: \u00abNo es una cifra que nos produzca ninguna alegr\u00eda\u00bb"},"content":{"rendered":"<p><img loading=\"lazy\" decoding=\"async\"  alt=\"\" src=\"http:\/\/olivia.canal13.cl\/medios\/data\/Tele13\/2008\/06\/tt_0617_bachelet_2_l.jpg\" class=\"alignleft\" width=\"245\" height=\"150\" \/ class=\"alignleft\" style=\"margin-right:15px;margin-bottom:10px;float:left;\" >La presidenta, Michelle Bachelet, se\u00f1al\u00f3 que el alza de la tasa a 9,2 por ciento, responde al comportamiento econ\u00f3mico de los \u00faltimos 3 meses.<\/p>\n<p>\u00abPor supuesto, no nos parece que sea una cifra que nos produzca alegr\u00eda, por el contrario. Pero est\u00e1 dentro de lo esperable para la cifra del Imacec, pero por otro lado, vamos as\u00ed como en la gripe, a trabajar fuerte para generar la respuesta que nos permita aminorar o mitigar el impacto\u00bb, afirm\u00f3 la Mandataria.<\/p>\n<p><!--more--><\/p>\n<p>El Instituto Nacional de Estad\u00edsticas (INE) inform\u00f3 hoy que la tasa de desocupaci\u00f3n lleg\u00f3 a 9,2 por ciento en el trimestre enero- marzo. \u00abMe parece que (el desempleo) responde justamente al comportamiento que la econom\u00eda ha tenido en esos 3 primeros meses\u00bb, sostuvo Bachelet.<\/p>\n<p>Fuente: canal13.cl<\/p>\n","protected":false},"excerpt":{"rendered":"<p>La presidenta, Michelle Bachelet, se\u00f1al\u00f3 que el alza de la tasa a 9,2 por ciento, responde al comportamiento econ\u00f3mico de los \u00faltimos 3 meses. \u00abPor supuesto, no nos parece que sea una cifra que nos produzca alegr\u00eda, por el contrario. Pero est\u00e1 dentro de lo esperable para la cifra del Imacec, pero por otro lado, [&hellip;]<\/p>\n","protected":false},"author":1,"featured_media":0,"comment_status":"open","ping_status":"open","sticky":false,"template":"","format":"standard","meta":{"footnotes":""},"categories":[4],"tags":[],"class_list":["post-2067","post","type-post","status-publish","format-standard","hentry","category-economia"],"_links":{"self":[{"href":"http:\/\/www.lanuevaopcion.cl\/index.php?rest_route=\/wp\/v2\/posts\/2067","targetHints":{"allow":["GET"]}}],"collection":[{"href":"http:\/\/www.lanuevaopcion.cl\/index.php?rest_route=\/wp\/v2\/posts"}],"about":[{"href":"http:\/\/www.lanuevaopcion.cl\/index.php?rest_route=\/wp\/v2\/types\/post"}],"author":[{"embeddable":true,"href":"http:\/\/www.lanuevaopcion.cl\/index.php?rest_route=\/wp\/v2\/users\/1"}],"replies":[{"embeddable":true,"href":"http:\/\/www.lanuevaopcion.cl\/index.php?rest_route=%2Fwp%2Fv2%2Fcomments&post=2067"}],"version-history":[{"count":1,"href":"http:\/\/www.lanuevaopcion.cl\/index.php?rest_route=\/wp\/v2\/posts\/2067\/revisions"}],"predecessor-version":[{"id":2068,"href":"http:\/\/www.lanuevaopcion.cl\/index.php?rest_route=\/wp\/v2\/posts\/2067\/revisions\/2068"}],"wp:attachment":[{"href":"http:\/\/www.lanuevaopcion.cl\/index.php?rest_route=%2Fwp%2Fv2%2Fmedia&parent=2067"}],"wp:term":[{"taxonomy":"category","embeddable":true,"href":"http:\/\/www.lanuevaopcion.cl\/index.php?rest_route=%2Fwp%2Fv2%2Fcategories&post=2067"},{"taxonomy":"post_tag","embeddable":true,"href":"http:\/\/www.lanuevaopcion.cl\/index.php?rest_route=%2Fwp%2Fv2%2Ftags&post=2067"}],"curies":[{"name":"wp","href":"https:\/\/api.w.org\/{rel}","templated":true}]}}