{"id":2061,"date":"2009-04-29T15:04:54","date_gmt":"2009-04-29T18:04:54","guid":{"rendered":"http:\/\/www.lanuevaopcion.cl\/?p=2061"},"modified":"2009-04-29T15:04:54","modified_gmt":"2009-04-29T18:04:54","slug":"bachelet-por-gripe-porcina-chile-esta-en-condiciones-de-responder","status":"publish","type":"post","link":"http:\/\/www.lanuevaopcion.cl\/?p=2061","title":{"rendered":"Bachelet por gripe porcina: \u00abChile est\u00e1 en condiciones de responder\u00bb"},"content":{"rendered":"<p><img loading=\"lazy\" decoding=\"async\"  alt=\"\" src=\"http:\/\/static.latercera.com\/200904\/353038_400.jpg\" class=\"alignleft\" width=\"400\" height=\"263\" \/ class=\"alignleft\" style=\"margin-right:15px;margin-bottom:10px;float:left;\" >Esta ma\u00f1ana, la Presidenta Michelle Bachelet reiter\u00f3 su llamado a la calma ante el avance de la gripe porcina, al tiempo que manifest\u00f3 que Chile est\u00e1 en condiciones de responder en caso que el virus llegue al pa\u00eds.<\/p>\n<p>\u201cLo m\u00e1s importante no es empezar a hacer estimaciones de cifras m\u00e1s, cifras menos, porque este es un tipo nuevo, no hay coherencia entre el comportamiento de M\u00e9xico con el resto de los pa\u00edses, por lo tanto, tenemos que tener tranquilidad y cuidado\u201d, dijo.<\/p>\n<p><!--more--><\/p>\n<p>La Mandataria pidi\u00f3 prudencia ante los dichos alarmistas y destac\u00f3 que \u00abtenemos en buenas condiciones a todo el sistema para diagnosticar, para aislar en los casos que haya que aislar, para estudiar todo lo que haya que estudiar. Est\u00e1 todo el sistema en condiciones para responder, con toda la bater\u00eda, tenemos una reserva importante de antivirales, se est\u00e1n discutiendo esquemas de vacunaci\u00f3n y tenemos todas las condiciones para responder en caso que llegara alg\u00fan caso a Chile.\u00bb.<\/p>\n<p>Bachelet confirm\u00f3 que hasta el momento no hay casos positivos de gripe porcina en el pa\u00eds, \u201cpor lo tanto, llamar\u00eda a la tranquilidad y lo que necesitamos es trabajar en estar seguros que si el virus llega estamos en condiciones de responder adecuadamente a la gente\u201d, sostuvo.<\/p>\n<p>Estas declaraciones las realiz\u00f3 en la inauguraci\u00f3n de los trabajos para construir el nuevo Teatro Telet\u00f3n, en compa\u00f1\u00eda de Mario Kreutzberger y el alcalde de Santiago, Pablo Zalaquett.<\/p>\n<p>Fuente: latercera.com<\/p>\n","protected":false},"excerpt":{"rendered":"<p>Esta ma\u00f1ana, la Presidenta Michelle Bachelet reiter\u00f3 su llamado a la calma ante el avance de la gripe porcina, al tiempo que manifest\u00f3 que Chile est\u00e1 en condiciones de responder en caso que el virus llegue al pa\u00eds. \u201cLo m\u00e1s importante no es empezar a hacer estimaciones de cifras m\u00e1s, cifras menos, porque este es [&hellip;]<\/p>\n","protected":false},"author":1,"featured_media":0,"comment_status":"open","ping_status":"open","sticky":false,"template":"","format":"standard","meta":{"footnotes":""},"categories":[16],"tags":[],"class_list":["post-2061","post","type-post","status-publish","format-standard","hentry","category-nacional"],"_links":{"self":[{"href":"http:\/\/www.lanuevaopcion.cl\/index.php?rest_route=\/wp\/v2\/posts\/2061","targetHints":{"allow":["GET"]}}],"collection":[{"href":"http:\/\/www.lanuevaopcion.cl\/index.php?rest_route=\/wp\/v2\/posts"}],"about":[{"href":"http:\/\/www.lanuevaopcion.cl\/index.php?rest_route=\/wp\/v2\/types\/post"}],"author":[{"embeddable":true,"href":"http:\/\/www.lanuevaopcion.cl\/index.php?rest_route=\/wp\/v2\/users\/1"}],"replies":[{"embeddable":true,"href":"http:\/\/www.lanuevaopcion.cl\/index.php?rest_route=%2Fwp%2Fv2%2Fcomments&post=2061"}],"version-history":[{"count":1,"href":"http:\/\/www.lanuevaopcion.cl\/index.php?rest_route=\/wp\/v2\/posts\/2061\/revisions"}],"predecessor-version":[{"id":2062,"href":"http:\/\/www.lanuevaopcion.cl\/index.php?rest_route=\/wp\/v2\/posts\/2061\/revisions\/2062"}],"wp:attachment":[{"href":"http:\/\/www.lanuevaopcion.cl\/index.php?rest_route=%2Fwp%2Fv2%2Fmedia&parent=2061"}],"wp:term":[{"taxonomy":"category","embeddable":true,"href":"http:\/\/www.lanuevaopcion.cl\/index.php?rest_route=%2Fwp%2Fv2%2Fcategories&post=2061"},{"taxonomy":"post_tag","embeddable":true,"href":"http:\/\/www.lanuevaopcion.cl\/index.php?rest_route=%2Fwp%2Fv2%2Ftags&post=2061"}],"curies":[{"name":"wp","href":"https:\/\/api.w.org\/{rel}","templated":true}]}}