{"id":2057,"date":"2009-04-28T19:52:40","date_gmt":"2009-04-28T22:52:40","guid":{"rendered":"http:\/\/www.lanuevaopcion.cl\/?p=2057"},"modified":"2009-04-28T19:52:40","modified_gmt":"2009-04-28T22:52:40","slug":"presidenta-encabeza-cita-con-ministros-por-medidas-ante-gripe-porcina","status":"publish","type":"post","link":"http:\/\/www.lanuevaopcion.cl\/?p=2057","title":{"rendered":"Presidenta encabeza cita con ministros por medidas ante gripe porcina"},"content":{"rendered":"<p><img loading=\"lazy\" decoding=\"async\"  alt=\"\" src=\"http:\/\/static.latercera.com\/200904\/350566_400.jpg\" class=\"alignleft\" width=\"400\" height=\"263\" \/ class=\"alignleft\" style=\"margin-right:15px;margin-bottom:10px;float:left;\" >A las 17 horas comenz\u00f3 la reuni\u00f3n de contingencia y prevenci\u00f3n en La Moneda convocada por la Presidenta Michelle Bachelet para analizar el actual escenario en el pa\u00eds de los efectos de la gripe porcina.<\/p>\n<p>La jefa de Estado se encuentra reunida en el comedor presidencial con los ministros de Interior, Edmundo P\u00e9rez Yoma ,de la secretar\u00eda general de Gobierno, Carolina Toh\u00e1 y de salud, Alvaro Erazo; con el subsecretario de Agricultura, Reinaldo Ruiz y el canciller subrogante, Alberto Van Klavaren.<\/p>\n<p><!--more--><\/p>\n<p>Adem\u00e1s participan los subsecretarios de salud, Jeannette Vega y de Redes Asistenciales Julio Montt.<\/p>\n<p>Representando a la Fuerza A\u00e9rea se encuentra el jefe de estado mayor subrogante de la Defensa Nacional, coronel, Luis Silva.<\/p>\n<p>Ayer la jefa de Estado analiz\u00f3 la situaci\u00f3n del pa\u00eds con el comit\u00e9 pol\u00edtico en Palacio.<\/p>\n<p>El gobierno ha insistido en su llamado a la tranquilidad a la poblaci\u00f3n y garantiz\u00f3 que se han adoptado las medidas preventivas para estar alertas frente a un eventual caso de la enfermedad.<\/p>\n<p>En tanto, la epidemi\u00f3loga del Ministerio de Salud, Claudia Gonz\u00e1lez, confirm\u00f3 esta tarde que son 24 casos en todo el pa\u00eds, los que en estos momentos est\u00e1n siendo estudiados por ser sospechosos de portar la gripe porcina.<\/p>\n<p>Por otro lado, se confirm\u00f3 que hasta el momento son cinco casos descartados de haber contra\u00eddo la influenza porcina en todo el territorio nacional y no exista persona alguna contagiada con el virus.<\/p>\n<p>En tanto, se mantiene el reforzamiento en pasos fronterizos y el aeropuerto internacional Arturo Merino Benitez, como adem\u00e1s, los folletos informativos para toda la gente que ingresa a Chile.<\/p>\n<p>M\u00e1s temprano, fue el mismo ministro de Salud, Alvaro Erazo, quien confirm\u00f3 que eran 13 los casos sospechosos y en estudio en el pa\u00eds, los que aumentaron durante esta tarde.<\/p>\n<p>Como medida de resguardo se estudia la posibilidad de ampliar el plazo de vacunaci\u00f3n de la influenza estacional y extenderla a otros grupos et\u00e1reos. Hasta el minuto la campa\u00f1a arroja un 70% de cumplimiento. En este marco se vislumbran tres escenarios posibles: adquirir 100 mil dosis, aumentar a 500 mil o a un mill\u00f3n de vacunas.<\/p>\n<p>Tambi\u00e9n est\u00e1 en estudio doblar la cantidad de antivirales (Oseltamivir y Zanamivir). Actualmente la autoridad dispone de 350 mil dosis.<\/p>\n<p>Fuente: latercera.cl<\/p>\n","protected":false},"excerpt":{"rendered":"<p>A las 17 horas comenz\u00f3 la reuni\u00f3n de contingencia y prevenci\u00f3n en La Moneda convocada por la Presidenta Michelle Bachelet para analizar el actual escenario en el pa\u00eds de los efectos de la gripe porcina. La jefa de Estado se encuentra reunida en el comedor presidencial con los ministros de Interior, Edmundo P\u00e9rez Yoma ,de [&hellip;]<\/p>\n","protected":false},"author":1,"featured_media":0,"comment_status":"open","ping_status":"open","sticky":false,"template":"","format":"standard","meta":{"footnotes":""},"categories":[16],"tags":[],"class_list":["post-2057","post","type-post","status-publish","format-standard","hentry","category-nacional"],"_links":{"self":[{"href":"http:\/\/www.lanuevaopcion.cl\/index.php?rest_route=\/wp\/v2\/posts\/2057","targetHints":{"allow":["GET"]}}],"collection":[{"href":"http:\/\/www.lanuevaopcion.cl\/index.php?rest_route=\/wp\/v2\/posts"}],"about":[{"href":"http:\/\/www.lanuevaopcion.cl\/index.php?rest_route=\/wp\/v2\/types\/post"}],"author":[{"embeddable":true,"href":"http:\/\/www.lanuevaopcion.cl\/index.php?rest_route=\/wp\/v2\/users\/1"}],"replies":[{"embeddable":true,"href":"http:\/\/www.lanuevaopcion.cl\/index.php?rest_route=%2Fwp%2Fv2%2Fcomments&post=2057"}],"version-history":[{"count":1,"href":"http:\/\/www.lanuevaopcion.cl\/index.php?rest_route=\/wp\/v2\/posts\/2057\/revisions"}],"predecessor-version":[{"id":2058,"href":"http:\/\/www.lanuevaopcion.cl\/index.php?rest_route=\/wp\/v2\/posts\/2057\/revisions\/2058"}],"wp:attachment":[{"href":"http:\/\/www.lanuevaopcion.cl\/index.php?rest_route=%2Fwp%2Fv2%2Fmedia&parent=2057"}],"wp:term":[{"taxonomy":"category","embeddable":true,"href":"http:\/\/www.lanuevaopcion.cl\/index.php?rest_route=%2Fwp%2Fv2%2Fcategories&post=2057"},{"taxonomy":"post_tag","embeddable":true,"href":"http:\/\/www.lanuevaopcion.cl\/index.php?rest_route=%2Fwp%2Fv2%2Ftags&post=2057"}],"curies":[{"name":"wp","href":"https:\/\/api.w.org\/{rel}","templated":true}]}}