{"id":2041,"date":"2009-04-26T15:59:11","date_gmt":"2009-04-26T18:59:11","guid":{"rendered":"http:\/\/www.lanuevaopcion.cl\/?p=2041"},"modified":"2009-04-26T15:59:11","modified_gmt":"2009-04-26T18:59:11","slug":"incendio-tras-rina-entre-bandas-rivales-provoca-tragedia-en-colina-ii-diez-muertos","status":"publish","type":"post","link":"http:\/\/www.lanuevaopcion.cl\/?p=2041","title":{"rendered":"Incendio tras ri\u00f1a entre bandas rivales provoca tragedia en Colina II: Diez muertos"},"content":{"rendered":"<p><img loading=\"lazy\" decoding=\"async\"  alt=\"\" src=\"http:\/\/www.icarito.cl\/showjpg\/0,,1_7451129_244,00.jpg\" class=\"alignleft\" width=\"244\" height=\"162\" \/ class=\"alignleft\" style=\"margin-right:15px;margin-bottom:10px;float:left;\" >SANTIAGO, abril 26.- Al menos diez personas muertas y otros tres heridos de gravedad es el tr\u00e1gico balance de un incendio declarado en los m\u00f3dulos 5, 6 y 7 del centro de cumplimiento penitenciario de Colina II, en la capital, provocado por una presunta ri\u00f1a entre bandas rivales, y que gener\u00f3 un dispositivo de emergencia en las inmediaciones y dentro del recinto penal.<\/p>\n<p>El director de Gendarmer\u00eda, Alejandro Jim\u00e9nez, lleg\u00f3 hasta el lugar para entregar la informaci\u00f3n oficial de los hechos, se\u00f1alando que el volcamiento de una cocinilla ubicada al interior de una sala, luego de la ri\u00f1a, desat\u00f3 la tragedia.<\/p>\n<p><!--more--><\/p>\n<p>La emergencia se declar\u00f3 poco antes del mediod\u00eda cuando voluntarios de seis compa\u00f1\u00edas de Bomberos de Colina, Santiago y Conchal\u00ed, acudieron al llamado tras la activaci\u00f3n del fuego.<\/p>\n<p>La magnitud del siniestro oblig\u00f3 adem\u00e1s a solicitar camiones aljibe de la Gobernaci\u00f3n para apoyar a los voluntarios.<\/p>\n<p>En ese momento ya se informaba de la posibilidad de personas atrapadas en los m\u00f3dulos afectados.<\/p>\n<p>Al lugar llegaron adem\u00e1s efectivos de Fuerzas Especiales de Carabineros, para controlar posibles des\u00f3rdenes, y numerosas ambulancias, as\u00ed como preocupados familiares de los internos para interiorizarse del estado de salud de sus parientes.<\/p>\n<p>Los primeros antecedentes se\u00f1alaban s\u00f3lo ocho personas heridas, tres de ellas trasladadas por las ambulancias y otros cinco atendidos por param\u00e9dicos dentro del penal, en su mayor\u00eda con principio de asfixia.<\/p>\n<p>M\u00e1s tarde un helic\u00f3ptero traslad\u00f3 a los heridos m\u00e1s graves desde el SAPU de Colina hasta la Posta Central.<\/p>\n<p>No obstante, pasadas las 13:00 horas fuentes oficiales comenzaron a confirmar la versi\u00f3n de diez v\u00edctimas fatales.<\/p>\n<p>En tanto, se inform\u00f3 que entre los heridos hay tambi\u00e9n un voluntario de la Primera Compa\u00f1\u00eda de Bomberos, por inhalaci\u00f3n de vapores calientes, que fue atendido con lesiones leves en un centro asistencial local.<\/p>\n<p>No obstante los m\u00e1s graves son tres internos que permanecen en riesgo vital.<\/p>\n<p>El comandante del cuerpo de Bomberos de Colina, Claudio Vega, precis\u00f3 que el siniestro se origin\u00f3 en el tercer piso del m\u00f3dulo 6 del penal, donde permanec\u00edan 25 internos, y que las compa\u00f1\u00edas fueron alertadas por vecinos.<\/p>\n<p>Una hora m\u00e1s tarde el fuego ya se encontraba virtualmente controlado, por lo que los voluntarios trabajaban en evitar su reactivaci\u00f3n o propagaci\u00f3n.<\/p>\n<p>Vega indic\u00f3 que la alta temperatura en el sector afectado, as\u00ed como la presencia de gases altamente t\u00f3xicos, demoraron la revisi\u00f3n de las celdas para constatar la presencia de personas atrapadas.<\/p>\n<p>Minutos m\u00e1s tarde el comandante confirm\u00f3, sin entregar todav\u00eda cifras, que esperaban la llegada del fiscal a cargo para remover las restos en las celdas donde habr\u00eda personas calcinadas.<\/p>\n<p>Fuente: terra.cl<\/p>\n","protected":false},"excerpt":{"rendered":"<p>SANTIAGO, abril 26.- Al menos diez personas muertas y otros tres heridos de gravedad es el tr\u00e1gico balance de un incendio declarado en los m\u00f3dulos 5, 6 y 7 del centro de cumplimiento penitenciario de Colina II, en la capital, provocado por una presunta ri\u00f1a entre bandas rivales, y que gener\u00f3 un dispositivo de emergencia [&hellip;]<\/p>\n","protected":false},"author":1,"featured_media":0,"comment_status":"open","ping_status":"open","sticky":false,"template":"","format":"standard","meta":{"footnotes":""},"categories":[16],"tags":[],"class_list":["post-2041","post","type-post","status-publish","format-standard","hentry","category-nacional"],"_links":{"self":[{"href":"http:\/\/www.lanuevaopcion.cl\/index.php?rest_route=\/wp\/v2\/posts\/2041","targetHints":{"allow":["GET"]}}],"collection":[{"href":"http:\/\/www.lanuevaopcion.cl\/index.php?rest_route=\/wp\/v2\/posts"}],"about":[{"href":"http:\/\/www.lanuevaopcion.cl\/index.php?rest_route=\/wp\/v2\/types\/post"}],"author":[{"embeddable":true,"href":"http:\/\/www.lanuevaopcion.cl\/index.php?rest_route=\/wp\/v2\/users\/1"}],"replies":[{"embeddable":true,"href":"http:\/\/www.lanuevaopcion.cl\/index.php?rest_route=%2Fwp%2Fv2%2Fcomments&post=2041"}],"version-history":[{"count":1,"href":"http:\/\/www.lanuevaopcion.cl\/index.php?rest_route=\/wp\/v2\/posts\/2041\/revisions"}],"predecessor-version":[{"id":2042,"href":"http:\/\/www.lanuevaopcion.cl\/index.php?rest_route=\/wp\/v2\/posts\/2041\/revisions\/2042"}],"wp:attachment":[{"href":"http:\/\/www.lanuevaopcion.cl\/index.php?rest_route=%2Fwp%2Fv2%2Fmedia&parent=2041"}],"wp:term":[{"taxonomy":"category","embeddable":true,"href":"http:\/\/www.lanuevaopcion.cl\/index.php?rest_route=%2Fwp%2Fv2%2Fcategories&post=2041"},{"taxonomy":"post_tag","embeddable":true,"href":"http:\/\/www.lanuevaopcion.cl\/index.php?rest_route=%2Fwp%2Fv2%2Ftags&post=2041"}],"curies":[{"name":"wp","href":"https:\/\/api.w.org\/{rel}","templated":true}]}}