{"id":2029,"date":"2009-04-24T14:24:13","date_gmt":"2009-04-24T17:24:13","guid":{"rendered":"http:\/\/www.lanuevaopcion.cl\/?p=2029"},"modified":"2009-04-24T14:24:13","modified_gmt":"2009-04-24T17:24:13","slug":"en-libertad-quedo-dirigenta-de-andha-chile-acusada-de-amenazar-a-la-presidenta","status":"publish","type":"post","link":"http:\/\/www.lanuevaopcion.cl\/?p=2029","title":{"rendered":"En libertad qued\u00f3 dirigenta de Andha Chile acusada de amenazar a la Presidenta"},"content":{"rendered":"<p>SANTIAGO.- En libertad y sin medidas cautelares qued\u00f3 este mediod\u00eda la dirigenta de \u00abAndha Chile a Luchar\u00bb, Roxana del Pilar Miranda Meneses, quien fue detenida ayer a las 14.45 horas tras liderar una manifestaci\u00f3n contra el Gobierno que culmin\u00f3 con 28 detenidos. <\/p>\n<p>La mujer fue formalizada esta ma\u00f1ana por des\u00f3rdenes p\u00fablicos y las amenazas que profiri\u00f3 contra la Mandataria Michelle Bachelet. La noche del mi\u00e9rcoles, la dirigenta declar\u00f3: \u00abQue se cuide la Presidenta, que cuide su seguridad\u00bb. <\/p>\n<p>A la audiencia, realizada en el Centro de Justicia de Santiago, asistieron m\u00e1s cien personas, que gritaban  consignas de apoyo a Miranda e incluso rezaban para que fuera liberada. <\/p>\n<p><!--more--><\/p>\n<p>Por este motivo, en el exterior del Centro de Justicia se despleg\u00f3 un importante resguardo policial, que incluye contigente de Fuerzas Especiales de Carabineros, adem\u00e1s de un carro lanzaaguas y uno lanzagases. <\/p>\n<p>El fiscal Andr\u00e9s Montes fue acompa\u00f1ado por el abogado del Ministerio del Interior Carlos Concha, quien present\u00f3 una querella en contra de la mujer por las amenazas a la Presidenta. <\/p>\n<p>Pese a lo anterior, el abogado defensor Rodrigo Rom\u00e1n calific\u00f3 de \u00abilegal\u00bb la detenci\u00f3n de Miranda debido a que fue aprehendida a las 14.00 horas de ayer pese a que la supuesta amenaza ocurri\u00f3 a las 22.00 horas del d\u00eda anterior, agreg\u00e1ndole el delito de des\u00f3rdenes p\u00fablicos que, seg\u00fan el abogado, nunca cometi\u00f3. <\/p>\n<p>\u00abLos supuestos delitos de des\u00f3rdenes p\u00fablicos y amenazas no son m\u00e1s que imaginer\u00edas que est\u00e1n en la mente del Ministerio P\u00fablico y del Ministerio del Interior y eso va a quedar demostrado\u00bb, se\u00f1al\u00f3. <\/p>\n<p>El abogado a\u00f1adi\u00f3 que \u00abaqu\u00ed lo que hay es que en Chile se pretende imponer una peligrosa l\u00f3gica de criminalizaci\u00f3n de la pobreza social, la que se expresa en la judicializaci\u00f3n de conflictos que nada tienen de judicial\u00bb. <\/p>\n<p>Aunque el fiscal formaliz\u00f3 a la mujer no pidi\u00f3 ninguna medida cautelar, hecho que no fue explicado por el Ministerio P\u00fablico ya que el fiscal no habl\u00f3 con la prensa. <\/p>\n<p>Por su parte, el juez Patricio \u00c1lvarez del S\u00e9ptimo Juzgado de Garant\u00eda, consider\u00f3 legal la detenci\u00f3n y decret\u00f3 60 d\u00edas de investigaci\u00f3n, dejando en libertad a la mujer. <\/p>\n<p>\u00c9sta era esperada afuera del tribunal por m\u00e1s de un centenera de personas que al verla salir comenzaron a aplaudir y a gritar consignas en su favor. Tambi\u00e9n le cantaron por su cumplea\u00f1os de hoy y le obsequiaron una torta. <\/p>\n<p>A la salida, Roxana Miranda neg\u00f3 haber amenazado a la Presienta, se\u00f1alando que como mujer ella se merece respeto, \u00abque no tuve yo al pasar toda la noche en un calabozo\u00bb. <\/p>\n<p>\u00abYo no amenac\u00e9 a la Presidenta. Lo que nosotros hacemos son des\u00f3rdenes p\u00fablicos. Nosotros s\u00ed hemos ido muchas veces a su casa a preguntarle por qu\u00e9 demora tanto la soluci\u00f3n a los deudores, porque dentro de esta lucha han muerto deudores esperando una soluci\u00f3n. Es por eso la desesperaci\u00f3n que nosotros tenemos, es por eso que muchas veces me he metido a la pileta para hacer un llamado de atenci\u00f3n a la autoridad\u00bb, se\u00f1al\u00f3 la mujer. <\/p>\n<p>Agreg\u00f3 que lo \u00fanico que le he pedido a la Presidenta es que \u00abpor favor cumpla con su palabra comprometida y que le de una soluci\u00f3n a miles de familias chilenas que est\u00e1n esperando las soluciones a sus deudas\u00bb. <\/p>\n<p>FUENTE. EMOL.COM<\/p>\n","protected":false},"excerpt":{"rendered":"<p>SANTIAGO.- En libertad y sin medidas cautelares qued\u00f3 este mediod\u00eda la dirigenta de \u00abAndha Chile a Luchar\u00bb, Roxana del Pilar Miranda Meneses, quien fue detenida ayer a las 14.45 horas tras liderar una manifestaci\u00f3n contra el Gobierno que culmin\u00f3 con 28 detenidos. La mujer fue formalizada esta ma\u00f1ana por des\u00f3rdenes p\u00fablicos y las amenazas que [&hellip;]<\/p>\n","protected":false},"author":1,"featured_media":0,"comment_status":"open","ping_status":"open","sticky":false,"template":"","format":"standard","meta":{"footnotes":""},"categories":[16],"tags":[1635],"class_list":["post-2029","post","type-post","status-publish","format-standard","hentry","category-nacional","tag-nacional"],"_links":{"self":[{"href":"http:\/\/www.lanuevaopcion.cl\/index.php?rest_route=\/wp\/v2\/posts\/2029","targetHints":{"allow":["GET"]}}],"collection":[{"href":"http:\/\/www.lanuevaopcion.cl\/index.php?rest_route=\/wp\/v2\/posts"}],"about":[{"href":"http:\/\/www.lanuevaopcion.cl\/index.php?rest_route=\/wp\/v2\/types\/post"}],"author":[{"embeddable":true,"href":"http:\/\/www.lanuevaopcion.cl\/index.php?rest_route=\/wp\/v2\/users\/1"}],"replies":[{"embeddable":true,"href":"http:\/\/www.lanuevaopcion.cl\/index.php?rest_route=%2Fwp%2Fv2%2Fcomments&post=2029"}],"version-history":[{"count":1,"href":"http:\/\/www.lanuevaopcion.cl\/index.php?rest_route=\/wp\/v2\/posts\/2029\/revisions"}],"predecessor-version":[{"id":2030,"href":"http:\/\/www.lanuevaopcion.cl\/index.php?rest_route=\/wp\/v2\/posts\/2029\/revisions\/2030"}],"wp:attachment":[{"href":"http:\/\/www.lanuevaopcion.cl\/index.php?rest_route=%2Fwp%2Fv2%2Fmedia&parent=2029"}],"wp:term":[{"taxonomy":"category","embeddable":true,"href":"http:\/\/www.lanuevaopcion.cl\/index.php?rest_route=%2Fwp%2Fv2%2Fcategories&post=2029"},{"taxonomy":"post_tag","embeddable":true,"href":"http:\/\/www.lanuevaopcion.cl\/index.php?rest_route=%2Fwp%2Fv2%2Ftags&post=2029"}],"curies":[{"name":"wp","href":"https:\/\/api.w.org\/{rel}","templated":true}]}}